{"id":6647,"date":"2024-08-07T10:14:57","date_gmt":"2024-08-07T08:14:57","guid":{"rendered":"https:\/\/www.adosa.es\/blog\/?p=6647"},"modified":"2024-08-13T16:17:06","modified_gmt":"2024-08-13T14:17:06","slug":"fuente-urbana-drop-de-plastico-reciclado","status":"publish","type":"post","link":"https:\/\/www.adosa.es\/blog\/fuente-urbana-drop-de-plastico-reciclado\/","title":{"rendered":"Fuente Urbana Drop de Pl\u00e1stico Reciclado"},"content":{"rendered":"\n<p>Ideal para parques, jardines, zonas comunitarias, colegios y calles, nuestra fuente urbana cuadrada modelo Drop est\u00e1 dise\u00f1ada para durar y cuidar del medio ambiente. <\/p>\n\n\n\n<p>Caracter\u00edsticas Destacadas: <\/p>\n\n\n\n<ul class=\"wp-block-list\">\n<li>Fabricada en pol\u00edmero termopl\u00e1stico reciclado <\/li>\n\n\n\n<li>Placa de sujeci\u00f3n del grifo en acero inoxidable <\/li>\n\n\n\n<li>Material con tratamiento UV 100% reciclable <\/li>\n\n\n\n<li>Gran resistencia a impactos, desgaste e inclemencias meteorol\u00f3gicas <\/li>\n\n\n\n<li>Grifo de acero cromado con sistema pulsador incluido <\/li>\n<\/ul>\n\n\n\n<p>Ventajas:<\/p>\n\n\n\n<ul class=\"wp-block-list\">\n<li>No pintadas, no se oxidan<\/li>\n\n\n\n<li>Mantenimiento m\u00ednimo<\/li>\n\n\n\n<li>Tornillos de seguridad antivand\u00e1licos<\/li>\n\n\n\n<li>Grifo y placa de fijaci\u00f3n intercambiables con otros modelos<\/li>\n\n\n\n<li>Placa para fijaci\u00f3n a suelo mediante tacos met\u00e1licos<\/li>\n<\/ul>\n\n\n\n<figure class=\"wp-block-gallery has-nested-images columns-default is-cropped wp-block-gallery-1 is-layout-flex wp-block-gallery-is-layout-flex\">\n<figure class=\"wp-block-image size-large\"><img loading=\"lazy\" decoding=\"async\" width=\"1024\" height=\"1024\" data-id=\"6667\" src=\"https:\/\/www.adosa.es\/blog\/wp-content\/uploads\/2024\/08\/feed_7agost_1.1-1024x1024.jpg\" alt=\"\" class=\"wp-image-6667\" srcset=\"https:\/\/www.adosa.es\/blog\/wp-content\/uploads\/2024\/08\/feed_7agost_1.1-1024x1024.jpg 1024w, https:\/\/www.adosa.es\/blog\/wp-content\/uploads\/2024\/08\/feed_7agost_1.1-300x300.jpg 300w, https:\/\/www.adosa.es\/blog\/wp-content\/uploads\/2024\/08\/feed_7agost_1.1-150x150.jpg 150w, https:\/\/www.adosa.es\/blog\/wp-content\/uploads\/2024\/08\/feed_7agost_1.1-768x768.jpg 768w, https:\/\/www.adosa.es\/blog\/wp-content\/uploads\/2024\/08\/feed_7agost_1.1.jpg 1080w\" sizes=\"auto, (max-width: 1024px) 100vw, 1024px\" \/><\/figure>\n\n\n\n<figure class=\"wp-block-image size-large\"><img loading=\"lazy\" decoding=\"async\" width=\"1024\" height=\"1024\" data-id=\"6649\" src=\"https:\/\/www.adosa.es\/blog\/wp-content\/uploads\/2024\/07\/feed_7agost_2-1024x1024.jpg\" alt=\"\" class=\"wp-image-6649\" srcset=\"https:\/\/www.adosa.es\/blog\/wp-content\/uploads\/2024\/07\/feed_7agost_2-1024x1024.jpg 1024w, https:\/\/www.adosa.es\/blog\/wp-content\/uploads\/2024\/07\/feed_7agost_2-300x300.jpg 300w, https:\/\/www.adosa.es\/blog\/wp-content\/uploads\/2024\/07\/feed_7agost_2-150x150.jpg 150w, https:\/\/www.adosa.es\/blog\/wp-content\/uploads\/2024\/07\/feed_7agost_2-768x768.jpg 768w, https:\/\/www.adosa.es\/blog\/wp-content\/uploads\/2024\/07\/feed_7agost_2.jpg 1080w\" sizes=\"auto, (max-width: 1024px) 100vw, 1024px\" \/><\/figure>\n<\/figure>\n\n\n\n<p>Elige sostenibilidad y durabilidad con la Fuente Urbana Drop. Perfecta para cualquier espacio p\u00fablico. \ud83c\udf33\ud83d\udeb0 #Sostenibilidad #Pl\u00e1sticoReciclado #EspaciosUrbanos #FuenteDrop #ado #adocerramientos<\/p>\n","protected":false},"excerpt":{"rendered":"<p>Ideal para parques, jardines, zonas comunitarias, colegios y calles, nuestra fuente urbana cuadrada modelo Drop est\u00e1 dise\u00f1ada para durar y cuidar del medio ambiente. Caracter\u00edsticas Destacadas: Ventajas: Elige sostenibilidad y durabilidad con la Fuente Urbana Drop. Perfecta para cualquier espacio p\u00fablico. \ud83c\udf33\ud83d\udeb0 #Sostenibilidad #Pl\u00e1sticoReciclado #EspaciosUrbanos #FuenteDrop #ado #adocerramientos<\/p>\n","protected":false},"author":1,"featured_media":6667,"comment_status":"closed","ping_status":"open","sticky":false,"template":"","format":"standard","meta":{"footnotes":""},"categories":[49],"tags":[685,699,700,701],"class_list":["post-6647","post","type-post","status-publish","format-standard","has-post-thumbnail","hentry","category-fuentes-urbanas","tag-fuenteurbana","tag-funtes","tag-fuentedrop","tag-plasticoreciclado"],"yoast_head":"<!-- This site is optimized with the Yoast SEO plugin v27.5 - https:\/\/yoast.com\/product\/yoast-seo-wordpress\/ -->\n<title>Fuente Urbana Drop de Pl\u00e1stico Reciclado - ADO Blog<\/title>\n<meta name=\"description\" content=\"Ideal para parques, jardines, zonas comunitarias, colegios y calles, dise\u00f1ada para durar y cuidar del medio ambiente.\" \/>\n<meta name=\"robots\" content=\"index, follow, max-snippet:-1, max-image-preview:large, max-video-preview:-1\" \/>\n<link rel=\"canonical\" href=\"https:\/\/www.adosa.es\/blog\/fuente-urbana-drop-de-plastico-reciclado\/\" \/>\n<meta property=\"og:locale\" content=\"es_ES\" \/>\n<meta property=\"og:type\" content=\"article\" \/>\n<meta property=\"og:title\" content=\"Fuente Urbana Drop de Pl\u00e1stico Reciclado - ADO Blog\" \/>\n<meta property=\"og:description\" content=\"Ideal para parques, jardines, zonas comunitarias, colegios y calles, dise\u00f1ada para durar y cuidar del medio ambiente.\" \/>\n<meta property=\"og:url\" content=\"https:\/\/www.adosa.es\/blog\/fuente-urbana-drop-de-plastico-reciclado\/\" \/>\n<meta property=\"og:site_name\" content=\"ADO Blog\" \/>\n<meta property=\"article:publisher\" content=\"https:\/\/www.facebook.com\/adobcn1\/\" \/>\n<meta property=\"article:published_time\" content=\"2024-08-07T08:14:57+00:00\" \/>\n<meta property=\"article:modified_time\" content=\"2024-08-13T14:17:06+00:00\" \/>\n<meta property=\"og:image\" content=\"https:\/\/www.adosa.es\/blog\/wp-content\/uploads\/2024\/08\/feed_7agost_1.1.jpg\" \/>\n\t<meta property=\"og:image:width\" content=\"1080\" \/>\n\t<meta property=\"og:image:height\" content=\"1080\" \/>\n\t<meta property=\"og:image:type\" content=\"image\/jpeg\" \/>\n<meta name=\"author\" content=\"adosa\" \/>\n<meta name=\"twitter:card\" content=\"summary_large_image\" \/>\n<meta name=\"twitter:creator\" content=\"@Adobcn\" \/>\n<meta name=\"twitter:site\" content=\"@Adobcn\" \/>\n<meta name=\"twitter:label1\" content=\"Escrito por\" \/>\n\t<meta name=\"twitter:data1\" content=\"adosa\" \/>\n\t<meta name=\"twitter:label2\" content=\"Tiempo de lectura\" \/>\n\t<meta name=\"twitter:data2\" content=\"2 minutos\" \/>\n<script type=\"application\/ld+json\" class=\"yoast-schema-graph\">{\"@context\":\"https:\\\/\\\/schema.org\",\"@graph\":[{\"@type\":\"Article\",\"@id\":\"https:\\\/\\\/www.adosa.es\\\/blog\\\/fuente-urbana-drop-de-plastico-reciclado\\\/#article\",\"isPartOf\":{\"@id\":\"https:\\\/\\\/www.adosa.es\\\/blog\\\/fuente-urbana-drop-de-plastico-reciclado\\\/\"},\"author\":{\"name\":\"adosa\",\"@id\":\"https:\\\/\\\/www.adosa.es\\\/blog\\\/#\\\/schema\\\/person\\\/81eafc1325fbcc103884a7dfefe3802d\"},\"headline\":\"Fuente Urbana Drop de Pl\u00e1stico Reciclado\",\"datePublished\":\"2024-08-07T08:14:57+00:00\",\"dateModified\":\"2024-08-13T14:17:06+00:00\",\"mainEntityOfPage\":{\"@id\":\"https:\\\/\\\/www.adosa.es\\\/blog\\\/fuente-urbana-drop-de-plastico-reciclado\\\/\"},\"wordCount\":129,\"publisher\":{\"@id\":\"https:\\\/\\\/www.adosa.es\\\/blog\\\/#organization\"},\"image\":{\"@id\":\"https:\\\/\\\/www.adosa.es\\\/blog\\\/fuente-urbana-drop-de-plastico-reciclado\\\/#primaryimage\"},\"thumbnailUrl\":\"https:\\\/\\\/www.adosa.es\\\/blog\\\/wp-content\\\/uploads\\\/2024\\\/08\\\/feed_7agost_1.1.jpg\",\"keywords\":[\"fuenteurbana\",\"funtes\",\"fuentedrop\",\"plasticoreciclado\"],\"articleSection\":[\"Fuentes urbanas\"],\"inLanguage\":\"es\"},{\"@type\":\"WebPage\",\"@id\":\"https:\\\/\\\/www.adosa.es\\\/blog\\\/fuente-urbana-drop-de-plastico-reciclado\\\/\",\"url\":\"https:\\\/\\\/www.adosa.es\\\/blog\\\/fuente-urbana-drop-de-plastico-reciclado\\\/\",\"name\":\"Fuente Urbana Drop de Pl\u00e1stico Reciclado - ADO Blog\",\"isPartOf\":{\"@id\":\"https:\\\/\\\/www.adosa.es\\\/blog\\\/#website\"},\"primaryImageOfPage\":{\"@id\":\"https:\\\/\\\/www.adosa.es\\\/blog\\\/fuente-urbana-drop-de-plastico-reciclado\\\/#primaryimage\"},\"image\":{\"@id\":\"https:\\\/\\\/www.adosa.es\\\/blog\\\/fuente-urbana-drop-de-plastico-reciclado\\\/#primaryimage\"},\"thumbnailUrl\":\"https:\\\/\\\/www.adosa.es\\\/blog\\\/wp-content\\\/uploads\\\/2024\\\/08\\\/feed_7agost_1.1.jpg\",\"datePublished\":\"2024-08-07T08:14:57+00:00\",\"dateModified\":\"2024-08-13T14:17:06+00:00\",\"description\":\"Ideal para parques, jardines, zonas comunitarias, colegios y calles, dise\u00f1ada para durar y cuidar del medio ambiente.\",\"breadcrumb\":{\"@id\":\"https:\\\/\\\/www.adosa.es\\\/blog\\\/fuente-urbana-drop-de-plastico-reciclado\\\/#breadcrumb\"},\"inLanguage\":\"es\",\"potentialAction\":[{\"@type\":\"ReadAction\",\"target\":[\"https:\\\/\\\/www.adosa.es\\\/blog\\\/fuente-urbana-drop-de-plastico-reciclado\\\/\"]}]},{\"@type\":\"ImageObject\",\"inLanguage\":\"es\",\"@id\":\"https:\\\/\\\/www.adosa.es\\\/blog\\\/fuente-urbana-drop-de-plastico-reciclado\\\/#primaryimage\",\"url\":\"https:\\\/\\\/www.adosa.es\\\/blog\\\/wp-content\\\/uploads\\\/2024\\\/08\\\/feed_7agost_1.1.jpg\",\"contentUrl\":\"https:\\\/\\\/www.adosa.es\\\/blog\\\/wp-content\\\/uploads\\\/2024\\\/08\\\/feed_7agost_1.1.jpg\",\"width\":1080,\"height\":1080},{\"@type\":\"BreadcrumbList\",\"@id\":\"https:\\\/\\\/www.adosa.es\\\/blog\\\/fuente-urbana-drop-de-plastico-reciclado\\\/#breadcrumb\",\"itemListElement\":[{\"@type\":\"ListItem\",\"position\":1,\"name\":\"Portada\",\"item\":\"https:\\\/\\\/www.adosa.es\\\/blog\\\/\"},{\"@type\":\"ListItem\",\"position\":2,\"name\":\"Fuente Urbana Drop de Pl\u00e1stico Reciclado\"}]},{\"@type\":\"WebSite\",\"@id\":\"https:\\\/\\\/www.adosa.es\\\/blog\\\/#website\",\"url\":\"https:\\\/\\\/www.adosa.es\\\/blog\\\/\",\"name\":\"ADO Blog\",\"description\":\"\",\"publisher\":{\"@id\":\"https:\\\/\\\/www.adosa.es\\\/blog\\\/#organization\"},\"alternateName\":\"Ado blog corporativo\",\"potentialAction\":[{\"@type\":\"SearchAction\",\"target\":{\"@type\":\"EntryPoint\",\"urlTemplate\":\"https:\\\/\\\/www.adosa.es\\\/blog\\\/?s={search_term_string}\"},\"query-input\":{\"@type\":\"PropertyValueSpecification\",\"valueRequired\":true,\"valueName\":\"search_term_string\"}}],\"inLanguage\":\"es\"},{\"@type\":\"Organization\",\"@id\":\"https:\\\/\\\/www.adosa.es\\\/blog\\\/#organization\",\"name\":\"ADO Blog\",\"url\":\"https:\\\/\\\/www.adosa.es\\\/blog\\\/\",\"logo\":{\"@type\":\"ImageObject\",\"inLanguage\":\"es\",\"@id\":\"https:\\\/\\\/www.adosa.es\\\/blog\\\/#\\\/schema\\\/logo\\\/image\\\/\",\"url\":\"https:\\\/\\\/www.adosa.es\\\/blog\\\/wp-content\\\/uploads\\\/2023\\\/10\\\/ado.png\",\"contentUrl\":\"https:\\\/\\\/www.adosa.es\\\/blog\\\/wp-content\\\/uploads\\\/2023\\\/10\\\/ado.png\",\"width\":193,\"height\":101,\"caption\":\"ADO Blog\"},\"image\":{\"@id\":\"https:\\\/\\\/www.adosa.es\\\/blog\\\/#\\\/schema\\\/logo\\\/image\\\/\"},\"sameAs\":[\"https:\\\/\\\/www.facebook.com\\\/adobcn1\\\/\",\"https:\\\/\\\/x.com\\\/Adobcn\",\"https:\\\/\\\/www.instagram.com\\\/ado_cerramientos_metalicos\\\/\",\"https:\\\/\\\/www.flickr.com\\\/photos\\\/adocerramientosmetalicos\",\"https:\\\/\\\/www.pinterest.es\\\/adocerramientos\\\/\",\"https:\\\/\\\/www.linkedin.com\\\/company\\\/2141531\\\/admin\\\/feed\\\/posts\\\/\",\"https:\\\/\\\/www.youtube.com\\\/user\\\/adosa2010\"]},{\"@type\":\"Person\",\"@id\":\"https:\\\/\\\/www.adosa.es\\\/blog\\\/#\\\/schema\\\/person\\\/81eafc1325fbcc103884a7dfefe3802d\",\"name\":\"adosa\",\"image\":{\"@type\":\"ImageObject\",\"inLanguage\":\"es\",\"@id\":\"https:\\\/\\\/secure.gravatar.com\\\/avatar\\\/d6d888f49f452edf67f2cba46f345d128154016f2e15749dd5b837e034803083?s=96&d=mm&r=g\",\"url\":\"https:\\\/\\\/secure.gravatar.com\\\/avatar\\\/d6d888f49f452edf67f2cba46f345d128154016f2e15749dd5b837e034803083?s=96&d=mm&r=g\",\"contentUrl\":\"https:\\\/\\\/secure.gravatar.com\\\/avatar\\\/d6d888f49f452edf67f2cba46f345d128154016f2e15749dd5b837e034803083?s=96&d=mm&r=g\",\"caption\":\"adosa\"},\"sameAs\":[\"https:\\\/\\\/www.adosa.es\\\/blog\"],\"url\":\"https:\\\/\\\/www.adosa.es\\\/blog\\\/author\\\/adosa\\\/\"}]}<\/script>\n<!-- \/ Yoast SEO plugin. -->","yoast_head_json":{"title":"Fuente Urbana Drop de Pl\u00e1stico Reciclado - ADO Blog","description":"Ideal para parques, jardines, zonas comunitarias, colegios y calles, dise\u00f1ada para durar y cuidar del medio ambiente.","robots":{"index":"index","follow":"follow","max-snippet":"max-snippet:-1","max-image-preview":"max-image-preview:large","max-video-preview":"max-video-preview:-1"},"canonical":"https:\/\/www.adosa.es\/blog\/fuente-urbana-drop-de-plastico-reciclado\/","og_locale":"es_ES","og_type":"article","og_title":"Fuente Urbana Drop de Pl\u00e1stico Reciclado - ADO Blog","og_description":"Ideal para parques, jardines, zonas comunitarias, colegios y calles, dise\u00f1ada para durar y cuidar del medio ambiente.","og_url":"https:\/\/www.adosa.es\/blog\/fuente-urbana-drop-de-plastico-reciclado\/","og_site_name":"ADO Blog","article_publisher":"https:\/\/www.facebook.com\/adobcn1\/","article_published_time":"2024-08-07T08:14:57+00:00","article_modified_time":"2024-08-13T14:17:06+00:00","og_image":[{"width":1080,"height":1080,"url":"https:\/\/www.adosa.es\/blog\/wp-content\/uploads\/2024\/08\/feed_7agost_1.1.jpg","type":"image\/jpeg"}],"author":"adosa","twitter_card":"summary_large_image","twitter_creator":"@Adobcn","twitter_site":"@Adobcn","twitter_misc":{"Escrito por":"adosa","Tiempo de lectura":"2 minutos"},"schema":{"@context":"https:\/\/schema.org","@graph":[{"@type":"Article","@id":"https:\/\/www.adosa.es\/blog\/fuente-urbana-drop-de-plastico-reciclado\/#article","isPartOf":{"@id":"https:\/\/www.adosa.es\/blog\/fuente-urbana-drop-de-plastico-reciclado\/"},"author":{"name":"adosa","@id":"https:\/\/www.adosa.es\/blog\/#\/schema\/person\/81eafc1325fbcc103884a7dfefe3802d"},"headline":"Fuente Urbana Drop de Pl\u00e1stico Reciclado","datePublished":"2024-08-07T08:14:57+00:00","dateModified":"2024-08-13T14:17:06+00:00","mainEntityOfPage":{"@id":"https:\/\/www.adosa.es\/blog\/fuente-urbana-drop-de-plastico-reciclado\/"},"wordCount":129,"publisher":{"@id":"https:\/\/www.adosa.es\/blog\/#organization"},"image":{"@id":"https:\/\/www.adosa.es\/blog\/fuente-urbana-drop-de-plastico-reciclado\/#primaryimage"},"thumbnailUrl":"https:\/\/www.adosa.es\/blog\/wp-content\/uploads\/2024\/08\/feed_7agost_1.1.jpg","keywords":["fuenteurbana","funtes","fuentedrop","plasticoreciclado"],"articleSection":["Fuentes urbanas"],"inLanguage":"es"},{"@type":"WebPage","@id":"https:\/\/www.adosa.es\/blog\/fuente-urbana-drop-de-plastico-reciclado\/","url":"https:\/\/www.adosa.es\/blog\/fuente-urbana-drop-de-plastico-reciclado\/","name":"Fuente Urbana Drop de Pl\u00e1stico Reciclado - ADO Blog","isPartOf":{"@id":"https:\/\/www.adosa.es\/blog\/#website"},"primaryImageOfPage":{"@id":"https:\/\/www.adosa.es\/blog\/fuente-urbana-drop-de-plastico-reciclado\/#primaryimage"},"image":{"@id":"https:\/\/www.adosa.es\/blog\/fuente-urbana-drop-de-plastico-reciclado\/#primaryimage"},"thumbnailUrl":"https:\/\/www.adosa.es\/blog\/wp-content\/uploads\/2024\/08\/feed_7agost_1.1.jpg","datePublished":"2024-08-07T08:14:57+00:00","dateModified":"2024-08-13T14:17:06+00:00","description":"Ideal para parques, jardines, zonas comunitarias, colegios y calles, dise\u00f1ada para durar y cuidar del medio ambiente.","breadcrumb":{"@id":"https:\/\/www.adosa.es\/blog\/fuente-urbana-drop-de-plastico-reciclado\/#breadcrumb"},"inLanguage":"es","potentialAction":[{"@type":"ReadAction","target":["https:\/\/www.adosa.es\/blog\/fuente-urbana-drop-de-plastico-reciclado\/"]}]},{"@type":"ImageObject","inLanguage":"es","@id":"https:\/\/www.adosa.es\/blog\/fuente-urbana-drop-de-plastico-reciclado\/#primaryimage","url":"https:\/\/www.adosa.es\/blog\/wp-content\/uploads\/2024\/08\/feed_7agost_1.1.jpg","contentUrl":"https:\/\/www.adosa.es\/blog\/wp-content\/uploads\/2024\/08\/feed_7agost_1.1.jpg","width":1080,"height":1080},{"@type":"BreadcrumbList","@id":"https:\/\/www.adosa.es\/blog\/fuente-urbana-drop-de-plastico-reciclado\/#breadcrumb","itemListElement":[{"@type":"ListItem","position":1,"name":"Portada","item":"https:\/\/www.adosa.es\/blog\/"},{"@type":"ListItem","position":2,"name":"Fuente Urbana Drop de Pl\u00e1stico Reciclado"}]},{"@type":"WebSite","@id":"https:\/\/www.adosa.es\/blog\/#website","url":"https:\/\/www.adosa.es\/blog\/","name":"ADO Blog","description":"","publisher":{"@id":"https:\/\/www.adosa.es\/blog\/#organization"},"alternateName":"Ado blog corporativo","potentialAction":[{"@type":"SearchAction","target":{"@type":"EntryPoint","urlTemplate":"https:\/\/www.adosa.es\/blog\/?s={search_term_string}"},"query-input":{"@type":"PropertyValueSpecification","valueRequired":true,"valueName":"search_term_string"}}],"inLanguage":"es"},{"@type":"Organization","@id":"https:\/\/www.adosa.es\/blog\/#organization","name":"ADO Blog","url":"https:\/\/www.adosa.es\/blog\/","logo":{"@type":"ImageObject","inLanguage":"es","@id":"https:\/\/www.adosa.es\/blog\/#\/schema\/logo\/image\/","url":"https:\/\/www.adosa.es\/blog\/wp-content\/uploads\/2023\/10\/ado.png","contentUrl":"https:\/\/www.adosa.es\/blog\/wp-content\/uploads\/2023\/10\/ado.png","width":193,"height":101,"caption":"ADO Blog"},"image":{"@id":"https:\/\/www.adosa.es\/blog\/#\/schema\/logo\/image\/"},"sameAs":["https:\/\/www.facebook.com\/adobcn1\/","https:\/\/x.com\/Adobcn","https:\/\/www.instagram.com\/ado_cerramientos_metalicos\/","https:\/\/www.flickr.com\/photos\/adocerramientosmetalicos","https:\/\/www.pinterest.es\/adocerramientos\/","https:\/\/www.linkedin.com\/company\/2141531\/admin\/feed\/posts\/","https:\/\/www.youtube.com\/user\/adosa2010"]},{"@type":"Person","@id":"https:\/\/www.adosa.es\/blog\/#\/schema\/person\/81eafc1325fbcc103884a7dfefe3802d","name":"adosa","image":{"@type":"ImageObject","inLanguage":"es","@id":"https:\/\/secure.gravatar.com\/avatar\/d6d888f49f452edf67f2cba46f345d128154016f2e15749dd5b837e034803083?s=96&d=mm&r=g","url":"https:\/\/secure.gravatar.com\/avatar\/d6d888f49f452edf67f2cba46f345d128154016f2e15749dd5b837e034803083?s=96&d=mm&r=g","contentUrl":"https:\/\/secure.gravatar.com\/avatar\/d6d888f49f452edf67f2cba46f345d128154016f2e15749dd5b837e034803083?s=96&d=mm&r=g","caption":"adosa"},"sameAs":["https:\/\/www.adosa.es\/blog"],"url":"https:\/\/www.adosa.es\/blog\/author\/adosa\/"}]}},"_links":{"self":[{"href":"https:\/\/www.adosa.es\/blog\/wp-json\/wp\/v2\/posts\/6647","targetHints":{"allow":["GET"]}}],"collection":[{"href":"https:\/\/www.adosa.es\/blog\/wp-json\/wp\/v2\/posts"}],"about":[{"href":"https:\/\/www.adosa.es\/blog\/wp-json\/wp\/v2\/types\/post"}],"author":[{"embeddable":true,"href":"https:\/\/www.adosa.es\/blog\/wp-json\/wp\/v2\/users\/1"}],"replies":[{"embeddable":true,"href":"https:\/\/www.adosa.es\/blog\/wp-json\/wp\/v2\/comments?post=6647"}],"version-history":[{"count":3,"href":"https:\/\/www.adosa.es\/blog\/wp-json\/wp\/v2\/posts\/6647\/revisions"}],"predecessor-version":[{"id":6670,"href":"https:\/\/www.adosa.es\/blog\/wp-json\/wp\/v2\/posts\/6647\/revisions\/6670"}],"wp:featuredmedia":[{"embeddable":true,"href":"https:\/\/www.adosa.es\/blog\/wp-json\/wp\/v2\/media\/6667"}],"wp:attachment":[{"href":"https:\/\/www.adosa.es\/blog\/wp-json\/wp\/v2\/media?parent=6647"}],"wp:term":[{"taxonomy":"category","embeddable":true,"href":"https:\/\/www.adosa.es\/blog\/wp-json\/wp\/v2\/categories?post=6647"},{"taxonomy":"post_tag","embeddable":true,"href":"https:\/\/www.adosa.es\/blog\/wp-json\/wp\/v2\/tags?post=6647"}],"curies":[{"name":"wp","href":"https:\/\/api.w.org\/{rel}","templated":true}]}}