{"id":6597,"date":"2024-07-10T14:50:00","date_gmt":"2024-07-10T12:50:00","guid":{"rendered":"https:\/\/www.adosa.es\/blog\/?p=6597"},"modified":"2024-07-19T09:28:15","modified_gmt":"2024-07-19T07:28:15","slug":"panel-de-decoracion","status":"publish","type":"post","link":"https:\/\/www.adosa.es\/blog\/panel-de-decoracion\/","title":{"rendered":"Panel de decoraci\u00f3n"},"content":{"rendered":"\n<h2 class=\"wp-block-heading\">Panel de decoraci\u00f3n con doble iluminaci\u00f3n <\/h2>\n\n\n\n<p>\ud83c\udf1f \u00a1Consigue un toque \u00fanico en tus espacios con nuestros paneles decorativos personalizados! \ud83c\udf1f<\/p>\n\n\n\n<p>Os presentamos este r\u00f3tulo que contiene un dise\u00f1o personalizado, con doble iluminaci\u00f3n.&nbsp;<\/p>\n\n\n\n<p>Realizamos todo tipo de rotulaci\u00f3n seg\u00fan tus dise\u00f1os, combinando acero corten con una variedad de materiales para crear piezas \u00fanicas y duraderas.<\/p>\n\n\n\n<p>Nuestros trabajos de rotulaci\u00f3n incluyen:<\/p>\n\n\n\n<ul class=\"wp-block-list\">\n<li>\ud83d\udccc Placas<\/li>\n\n\n\n<li>\ud83d\udd20 Letreros<\/li>\n\n\n\n<li>\ud83d\uddff Monolitos<\/li>\n\n\n\n<li>\ud83c\udfdb\ufe0f Monumentos<\/li>\n\n\n\n<li>\ud83c\udf3f Paneles decorativos de jard\u00edn<\/li>\n<\/ul>\n\n\n\n<p>\u00a1Crea un ambiente \u00fanico y luminoso con nuestros paneles decorativos!<\/p>\n\n\n\n<figure class=\"wp-block-gallery has-nested-images columns-default is-cropped wp-block-gallery-1 is-layout-flex wp-block-gallery-is-layout-flex\">\n<figure class=\"wp-block-image size-full\"><img loading=\"lazy\" decoding=\"async\" width=\"768\" height=\"768\" data-id=\"6638\" src=\"https:\/\/www.adosa.es\/blog\/wp-content\/uploads\/2024\/07\/3.jpg\" alt=\"\" class=\"wp-image-6638\" srcset=\"https:\/\/www.adosa.es\/blog\/wp-content\/uploads\/2024\/07\/3.jpg 768w, https:\/\/www.adosa.es\/blog\/wp-content\/uploads\/2024\/07\/3-300x300.jpg 300w, https:\/\/www.adosa.es\/blog\/wp-content\/uploads\/2024\/07\/3-150x150.jpg 150w\" sizes=\"auto, (max-width: 768px) 100vw, 768px\" \/><\/figure>\n\n\n\n<figure class=\"wp-block-image size-full\"><img loading=\"lazy\" decoding=\"async\" width=\"768\" height=\"768\" data-id=\"6642\" src=\"https:\/\/www.adosa.es\/blog\/wp-content\/uploads\/2024\/07\/4-2.jpg\" alt=\"\" class=\"wp-image-6642\" srcset=\"https:\/\/www.adosa.es\/blog\/wp-content\/uploads\/2024\/07\/4-2.jpg 768w, https:\/\/www.adosa.es\/blog\/wp-content\/uploads\/2024\/07\/4-2-300x300.jpg 300w, https:\/\/www.adosa.es\/blog\/wp-content\/uploads\/2024\/07\/4-2-150x150.jpg 150w\" sizes=\"auto, (max-width: 768px) 100vw, 768px\" \/><\/figure>\n<\/figure>\n\n\n\n<p><a href=\"https:\/\/www.adosa.es\/\">Visita nuestra p\u00e1gina web \ud83c\udf10<\/a> para ver diferentes productos. \ud83d\udcbb <a href=\"mailto:ado@adosa.es\">ado@adosa.es<\/a> o \ud83d\udcf1934 56 03 03.<\/p>\n","protected":false},"excerpt":{"rendered":"<p>Panel de decoraci\u00f3n con doble iluminaci\u00f3n \ud83c\udf1f \u00a1Consigue un toque \u00fanico en tus espacios con nuestros paneles decorativos personalizados! \ud83c\udf1f Os presentamos este r\u00f3tulo que contiene un dise\u00f1o personalizado, con doble iluminaci\u00f3n.&nbsp; Realizamos todo tipo de rotulaci\u00f3n seg\u00fan tus dise\u00f1os, combinando acero corten con una variedad de materiales para crear piezas \u00fanicas y duraderas. Nuestros [&hellip;]<\/p>\n","protected":false},"author":1,"featured_media":6603,"comment_status":"closed","ping_status":"open","sticky":false,"template":"","format":"standard","meta":{"footnotes":""},"categories":[192],"tags":[129,189,191,680,682,683,684],"class_list":["post-6597","post","type-post","status-publish","format-standard","has-post-thumbnail","hentry","category-rotulacion-en-acero-corten","tag-acero-corten","tag-diseno-rotulos","tag-rotulo","tag-panel","tag-decoracion-2","tag-iluminacion","tag-acero"],"yoast_head":"<!-- This site is optimized with the Yoast SEO plugin v27.5 - https:\/\/yoast.com\/product\/yoast-seo-wordpress\/ -->\n<title>Panel de decoraci\u00f3n - ADO Blog<\/title>\n<meta name=\"description\" content=\"\ud83c\udf1f \u00a1Consigue un toque \u00fanico en tus espacios con nuestros paneles decorativos personalizados! \ud83c\udf1fOs presentamos este r\u00f3tulo nuevo.\" \/>\n<meta name=\"robots\" content=\"index, follow, max-snippet:-1, max-image-preview:large, max-video-preview:-1\" \/>\n<link rel=\"canonical\" href=\"https:\/\/www.adosa.es\/blog\/panel-de-decoracion\/\" \/>\n<meta property=\"og:locale\" content=\"es_ES\" \/>\n<meta property=\"og:type\" content=\"article\" \/>\n<meta property=\"og:title\" content=\"Panel de decoraci\u00f3n - ADO Blog\" \/>\n<meta property=\"og:description\" content=\"\ud83c\udf1f \u00a1Consigue un toque \u00fanico en tus espacios con nuestros paneles decorativos personalizados! \ud83c\udf1fOs presentamos este r\u00f3tulo nuevo.\" \/>\n<meta property=\"og:url\" content=\"https:\/\/www.adosa.es\/blog\/panel-de-decoracion\/\" \/>\n<meta property=\"og:site_name\" content=\"ADO Blog\" \/>\n<meta property=\"article:publisher\" content=\"https:\/\/www.facebook.com\/adobcn1\/\" \/>\n<meta property=\"article:published_time\" content=\"2024-07-10T12:50:00+00:00\" \/>\n<meta property=\"article:modified_time\" content=\"2024-07-19T07:28:15+00:00\" \/>\n<meta property=\"og:image\" content=\"https:\/\/www.adosa.es\/blog\/wp-content\/uploads\/2024\/07\/panel-santaco3-1.jpg\" \/>\n\t<meta property=\"og:image:width\" content=\"1080\" \/>\n\t<meta property=\"og:image:height\" content=\"1080\" \/>\n\t<meta property=\"og:image:type\" content=\"image\/jpeg\" \/>\n<meta name=\"author\" content=\"adosa\" \/>\n<meta name=\"twitter:card\" content=\"summary_large_image\" \/>\n<meta name=\"twitter:creator\" content=\"@Adobcn\" \/>\n<meta name=\"twitter:site\" content=\"@Adobcn\" \/>\n<meta name=\"twitter:label1\" content=\"Escrito por\" \/>\n\t<meta name=\"twitter:data1\" content=\"adosa\" \/>\n\t<meta name=\"twitter:label2\" content=\"Tiempo de lectura\" \/>\n\t<meta name=\"twitter:data2\" content=\"2 minutos\" \/>\n<script type=\"application\/ld+json\" class=\"yoast-schema-graph\">{\"@context\":\"https:\\\/\\\/schema.org\",\"@graph\":[{\"@type\":\"Article\",\"@id\":\"https:\\\/\\\/www.adosa.es\\\/blog\\\/panel-de-decoracion\\\/#article\",\"isPartOf\":{\"@id\":\"https:\\\/\\\/www.adosa.es\\\/blog\\\/panel-de-decoracion\\\/\"},\"author\":{\"name\":\"adosa\",\"@id\":\"https:\\\/\\\/www.adosa.es\\\/blog\\\/#\\\/schema\\\/person\\\/81eafc1325fbcc103884a7dfefe3802d\"},\"headline\":\"Panel de decoraci\u00f3n\",\"datePublished\":\"2024-07-10T12:50:00+00:00\",\"dateModified\":\"2024-07-19T07:28:15+00:00\",\"mainEntityOfPage\":{\"@id\":\"https:\\\/\\\/www.adosa.es\\\/blog\\\/panel-de-decoracion\\\/\"},\"wordCount\":103,\"publisher\":{\"@id\":\"https:\\\/\\\/www.adosa.es\\\/blog\\\/#organization\"},\"image\":{\"@id\":\"https:\\\/\\\/www.adosa.es\\\/blog\\\/panel-de-decoracion\\\/#primaryimage\"},\"thumbnailUrl\":\"https:\\\/\\\/www.adosa.es\\\/blog\\\/wp-content\\\/uploads\\\/2024\\\/07\\\/panel-santaco3-1.jpg\",\"keywords\":[\"acero corten\",\"dise\u00f1o rotulos\",\"rotulo\",\"panel\",\"decoraci\u00f3n\",\"iluminaci\u00f3n\",\"acero\"],\"articleSection\":[\"Rotulaci\u00f3n en acero corten\"],\"inLanguage\":\"es\"},{\"@type\":\"WebPage\",\"@id\":\"https:\\\/\\\/www.adosa.es\\\/blog\\\/panel-de-decoracion\\\/\",\"url\":\"https:\\\/\\\/www.adosa.es\\\/blog\\\/panel-de-decoracion\\\/\",\"name\":\"Panel de decoraci\u00f3n - ADO Blog\",\"isPartOf\":{\"@id\":\"https:\\\/\\\/www.adosa.es\\\/blog\\\/#website\"},\"primaryImageOfPage\":{\"@id\":\"https:\\\/\\\/www.adosa.es\\\/blog\\\/panel-de-decoracion\\\/#primaryimage\"},\"image\":{\"@id\":\"https:\\\/\\\/www.adosa.es\\\/blog\\\/panel-de-decoracion\\\/#primaryimage\"},\"thumbnailUrl\":\"https:\\\/\\\/www.adosa.es\\\/blog\\\/wp-content\\\/uploads\\\/2024\\\/07\\\/panel-santaco3-1.jpg\",\"datePublished\":\"2024-07-10T12:50:00+00:00\",\"dateModified\":\"2024-07-19T07:28:15+00:00\",\"description\":\"\ud83c\udf1f \u00a1Consigue un toque \u00fanico en tus espacios con nuestros paneles decorativos personalizados! \ud83c\udf1fOs presentamos este r\u00f3tulo nuevo.\",\"breadcrumb\":{\"@id\":\"https:\\\/\\\/www.adosa.es\\\/blog\\\/panel-de-decoracion\\\/#breadcrumb\"},\"inLanguage\":\"es\",\"potentialAction\":[{\"@type\":\"ReadAction\",\"target\":[\"https:\\\/\\\/www.adosa.es\\\/blog\\\/panel-de-decoracion\\\/\"]}]},{\"@type\":\"ImageObject\",\"inLanguage\":\"es\",\"@id\":\"https:\\\/\\\/www.adosa.es\\\/blog\\\/panel-de-decoracion\\\/#primaryimage\",\"url\":\"https:\\\/\\\/www.adosa.es\\\/blog\\\/wp-content\\\/uploads\\\/2024\\\/07\\\/panel-santaco3-1.jpg\",\"contentUrl\":\"https:\\\/\\\/www.adosa.es\\\/blog\\\/wp-content\\\/uploads\\\/2024\\\/07\\\/panel-santaco3-1.jpg\",\"width\":1080,\"height\":1080,\"caption\":\"panel de acero personalizado con doble iluminaci\u00f3n\"},{\"@type\":\"BreadcrumbList\",\"@id\":\"https:\\\/\\\/www.adosa.es\\\/blog\\\/panel-de-decoracion\\\/#breadcrumb\",\"itemListElement\":[{\"@type\":\"ListItem\",\"position\":1,\"name\":\"Portada\",\"item\":\"https:\\\/\\\/www.adosa.es\\\/blog\\\/\"},{\"@type\":\"ListItem\",\"position\":2,\"name\":\"Panel de decoraci\u00f3n\"}]},{\"@type\":\"WebSite\",\"@id\":\"https:\\\/\\\/www.adosa.es\\\/blog\\\/#website\",\"url\":\"https:\\\/\\\/www.adosa.es\\\/blog\\\/\",\"name\":\"ADO Blog\",\"description\":\"\",\"publisher\":{\"@id\":\"https:\\\/\\\/www.adosa.es\\\/blog\\\/#organization\"},\"alternateName\":\"Ado blog corporativo\",\"potentialAction\":[{\"@type\":\"SearchAction\",\"target\":{\"@type\":\"EntryPoint\",\"urlTemplate\":\"https:\\\/\\\/www.adosa.es\\\/blog\\\/?s={search_term_string}\"},\"query-input\":{\"@type\":\"PropertyValueSpecification\",\"valueRequired\":true,\"valueName\":\"search_term_string\"}}],\"inLanguage\":\"es\"},{\"@type\":\"Organization\",\"@id\":\"https:\\\/\\\/www.adosa.es\\\/blog\\\/#organization\",\"name\":\"ADO Blog\",\"url\":\"https:\\\/\\\/www.adosa.es\\\/blog\\\/\",\"logo\":{\"@type\":\"ImageObject\",\"inLanguage\":\"es\",\"@id\":\"https:\\\/\\\/www.adosa.es\\\/blog\\\/#\\\/schema\\\/logo\\\/image\\\/\",\"url\":\"https:\\\/\\\/www.adosa.es\\\/blog\\\/wp-content\\\/uploads\\\/2023\\\/10\\\/ado.png\",\"contentUrl\":\"https:\\\/\\\/www.adosa.es\\\/blog\\\/wp-content\\\/uploads\\\/2023\\\/10\\\/ado.png\",\"width\":193,\"height\":101,\"caption\":\"ADO Blog\"},\"image\":{\"@id\":\"https:\\\/\\\/www.adosa.es\\\/blog\\\/#\\\/schema\\\/logo\\\/image\\\/\"},\"sameAs\":[\"https:\\\/\\\/www.facebook.com\\\/adobcn1\\\/\",\"https:\\\/\\\/x.com\\\/Adobcn\",\"https:\\\/\\\/www.instagram.com\\\/ado_cerramientos_metalicos\\\/\",\"https:\\\/\\\/www.flickr.com\\\/photos\\\/adocerramientosmetalicos\",\"https:\\\/\\\/www.pinterest.es\\\/adocerramientos\\\/\",\"https:\\\/\\\/www.linkedin.com\\\/company\\\/2141531\\\/admin\\\/feed\\\/posts\\\/\",\"https:\\\/\\\/www.youtube.com\\\/user\\\/adosa2010\"]},{\"@type\":\"Person\",\"@id\":\"https:\\\/\\\/www.adosa.es\\\/blog\\\/#\\\/schema\\\/person\\\/81eafc1325fbcc103884a7dfefe3802d\",\"name\":\"adosa\",\"image\":{\"@type\":\"ImageObject\",\"inLanguage\":\"es\",\"@id\":\"https:\\\/\\\/secure.gravatar.com\\\/avatar\\\/d6d888f49f452edf67f2cba46f345d128154016f2e15749dd5b837e034803083?s=96&d=mm&r=g\",\"url\":\"https:\\\/\\\/secure.gravatar.com\\\/avatar\\\/d6d888f49f452edf67f2cba46f345d128154016f2e15749dd5b837e034803083?s=96&d=mm&r=g\",\"contentUrl\":\"https:\\\/\\\/secure.gravatar.com\\\/avatar\\\/d6d888f49f452edf67f2cba46f345d128154016f2e15749dd5b837e034803083?s=96&d=mm&r=g\",\"caption\":\"adosa\"},\"sameAs\":[\"https:\\\/\\\/www.adosa.es\\\/blog\"],\"url\":\"https:\\\/\\\/www.adosa.es\\\/blog\\\/author\\\/adosa\\\/\"}]}<\/script>\n<!-- \/ Yoast SEO plugin. -->","yoast_head_json":{"title":"Panel de decoraci\u00f3n - ADO Blog","description":"\ud83c\udf1f \u00a1Consigue un toque \u00fanico en tus espacios con nuestros paneles decorativos personalizados! \ud83c\udf1fOs presentamos este r\u00f3tulo nuevo.","robots":{"index":"index","follow":"follow","max-snippet":"max-snippet:-1","max-image-preview":"max-image-preview:large","max-video-preview":"max-video-preview:-1"},"canonical":"https:\/\/www.adosa.es\/blog\/panel-de-decoracion\/","og_locale":"es_ES","og_type":"article","og_title":"Panel de decoraci\u00f3n - ADO Blog","og_description":"\ud83c\udf1f \u00a1Consigue un toque \u00fanico en tus espacios con nuestros paneles decorativos personalizados! \ud83c\udf1fOs presentamos este r\u00f3tulo nuevo.","og_url":"https:\/\/www.adosa.es\/blog\/panel-de-decoracion\/","og_site_name":"ADO Blog","article_publisher":"https:\/\/www.facebook.com\/adobcn1\/","article_published_time":"2024-07-10T12:50:00+00:00","article_modified_time":"2024-07-19T07:28:15+00:00","og_image":[{"width":1080,"height":1080,"url":"https:\/\/www.adosa.es\/blog\/wp-content\/uploads\/2024\/07\/panel-santaco3-1.jpg","type":"image\/jpeg"}],"author":"adosa","twitter_card":"summary_large_image","twitter_creator":"@Adobcn","twitter_site":"@Adobcn","twitter_misc":{"Escrito por":"adosa","Tiempo de lectura":"2 minutos"},"schema":{"@context":"https:\/\/schema.org","@graph":[{"@type":"Article","@id":"https:\/\/www.adosa.es\/blog\/panel-de-decoracion\/#article","isPartOf":{"@id":"https:\/\/www.adosa.es\/blog\/panel-de-decoracion\/"},"author":{"name":"adosa","@id":"https:\/\/www.adosa.es\/blog\/#\/schema\/person\/81eafc1325fbcc103884a7dfefe3802d"},"headline":"Panel de decoraci\u00f3n","datePublished":"2024-07-10T12:50:00+00:00","dateModified":"2024-07-19T07:28:15+00:00","mainEntityOfPage":{"@id":"https:\/\/www.adosa.es\/blog\/panel-de-decoracion\/"},"wordCount":103,"publisher":{"@id":"https:\/\/www.adosa.es\/blog\/#organization"},"image":{"@id":"https:\/\/www.adosa.es\/blog\/panel-de-decoracion\/#primaryimage"},"thumbnailUrl":"https:\/\/www.adosa.es\/blog\/wp-content\/uploads\/2024\/07\/panel-santaco3-1.jpg","keywords":["acero corten","dise\u00f1o rotulos","rotulo","panel","decoraci\u00f3n","iluminaci\u00f3n","acero"],"articleSection":["Rotulaci\u00f3n en acero corten"],"inLanguage":"es"},{"@type":"WebPage","@id":"https:\/\/www.adosa.es\/blog\/panel-de-decoracion\/","url":"https:\/\/www.adosa.es\/blog\/panel-de-decoracion\/","name":"Panel de decoraci\u00f3n - ADO Blog","isPartOf":{"@id":"https:\/\/www.adosa.es\/blog\/#website"},"primaryImageOfPage":{"@id":"https:\/\/www.adosa.es\/blog\/panel-de-decoracion\/#primaryimage"},"image":{"@id":"https:\/\/www.adosa.es\/blog\/panel-de-decoracion\/#primaryimage"},"thumbnailUrl":"https:\/\/www.adosa.es\/blog\/wp-content\/uploads\/2024\/07\/panel-santaco3-1.jpg","datePublished":"2024-07-10T12:50:00+00:00","dateModified":"2024-07-19T07:28:15+00:00","description":"\ud83c\udf1f \u00a1Consigue un toque \u00fanico en tus espacios con nuestros paneles decorativos personalizados! \ud83c\udf1fOs presentamos este r\u00f3tulo nuevo.","breadcrumb":{"@id":"https:\/\/www.adosa.es\/blog\/panel-de-decoracion\/#breadcrumb"},"inLanguage":"es","potentialAction":[{"@type":"ReadAction","target":["https:\/\/www.adosa.es\/blog\/panel-de-decoracion\/"]}]},{"@type":"ImageObject","inLanguage":"es","@id":"https:\/\/www.adosa.es\/blog\/panel-de-decoracion\/#primaryimage","url":"https:\/\/www.adosa.es\/blog\/wp-content\/uploads\/2024\/07\/panel-santaco3-1.jpg","contentUrl":"https:\/\/www.adosa.es\/blog\/wp-content\/uploads\/2024\/07\/panel-santaco3-1.jpg","width":1080,"height":1080,"caption":"panel de acero personalizado con doble iluminaci\u00f3n"},{"@type":"BreadcrumbList","@id":"https:\/\/www.adosa.es\/blog\/panel-de-decoracion\/#breadcrumb","itemListElement":[{"@type":"ListItem","position":1,"name":"Portada","item":"https:\/\/www.adosa.es\/blog\/"},{"@type":"ListItem","position":2,"name":"Panel de decoraci\u00f3n"}]},{"@type":"WebSite","@id":"https:\/\/www.adosa.es\/blog\/#website","url":"https:\/\/www.adosa.es\/blog\/","name":"ADO Blog","description":"","publisher":{"@id":"https:\/\/www.adosa.es\/blog\/#organization"},"alternateName":"Ado blog corporativo","potentialAction":[{"@type":"SearchAction","target":{"@type":"EntryPoint","urlTemplate":"https:\/\/www.adosa.es\/blog\/?s={search_term_string}"},"query-input":{"@type":"PropertyValueSpecification","valueRequired":true,"valueName":"search_term_string"}}],"inLanguage":"es"},{"@type":"Organization","@id":"https:\/\/www.adosa.es\/blog\/#organization","name":"ADO Blog","url":"https:\/\/www.adosa.es\/blog\/","logo":{"@type":"ImageObject","inLanguage":"es","@id":"https:\/\/www.adosa.es\/blog\/#\/schema\/logo\/image\/","url":"https:\/\/www.adosa.es\/blog\/wp-content\/uploads\/2023\/10\/ado.png","contentUrl":"https:\/\/www.adosa.es\/blog\/wp-content\/uploads\/2023\/10\/ado.png","width":193,"height":101,"caption":"ADO Blog"},"image":{"@id":"https:\/\/www.adosa.es\/blog\/#\/schema\/logo\/image\/"},"sameAs":["https:\/\/www.facebook.com\/adobcn1\/","https:\/\/x.com\/Adobcn","https:\/\/www.instagram.com\/ado_cerramientos_metalicos\/","https:\/\/www.flickr.com\/photos\/adocerramientosmetalicos","https:\/\/www.pinterest.es\/adocerramientos\/","https:\/\/www.linkedin.com\/company\/2141531\/admin\/feed\/posts\/","https:\/\/www.youtube.com\/user\/adosa2010"]},{"@type":"Person","@id":"https:\/\/www.adosa.es\/blog\/#\/schema\/person\/81eafc1325fbcc103884a7dfefe3802d","name":"adosa","image":{"@type":"ImageObject","inLanguage":"es","@id":"https:\/\/secure.gravatar.com\/avatar\/d6d888f49f452edf67f2cba46f345d128154016f2e15749dd5b837e034803083?s=96&d=mm&r=g","url":"https:\/\/secure.gravatar.com\/avatar\/d6d888f49f452edf67f2cba46f345d128154016f2e15749dd5b837e034803083?s=96&d=mm&r=g","contentUrl":"https:\/\/secure.gravatar.com\/avatar\/d6d888f49f452edf67f2cba46f345d128154016f2e15749dd5b837e034803083?s=96&d=mm&r=g","caption":"adosa"},"sameAs":["https:\/\/www.adosa.es\/blog"],"url":"https:\/\/www.adosa.es\/blog\/author\/adosa\/"}]}},"_links":{"self":[{"href":"https:\/\/www.adosa.es\/blog\/wp-json\/wp\/v2\/posts\/6597","targetHints":{"allow":["GET"]}}],"collection":[{"href":"https:\/\/www.adosa.es\/blog\/wp-json\/wp\/v2\/posts"}],"about":[{"href":"https:\/\/www.adosa.es\/blog\/wp-json\/wp\/v2\/types\/post"}],"author":[{"embeddable":true,"href":"https:\/\/www.adosa.es\/blog\/wp-json\/wp\/v2\/users\/1"}],"replies":[{"embeddable":true,"href":"https:\/\/www.adosa.es\/blog\/wp-json\/wp\/v2\/comments?post=6597"}],"version-history":[{"count":2,"href":"https:\/\/www.adosa.es\/blog\/wp-json\/wp\/v2\/posts\/6597\/revisions"}],"predecessor-version":[{"id":6643,"href":"https:\/\/www.adosa.es\/blog\/wp-json\/wp\/v2\/posts\/6597\/revisions\/6643"}],"wp:featuredmedia":[{"embeddable":true,"href":"https:\/\/www.adosa.es\/blog\/wp-json\/wp\/v2\/media\/6603"}],"wp:attachment":[{"href":"https:\/\/www.adosa.es\/blog\/wp-json\/wp\/v2\/media?parent=6597"}],"wp:term":[{"taxonomy":"category","embeddable":true,"href":"https:\/\/www.adosa.es\/blog\/wp-json\/wp\/v2\/categories?post=6597"},{"taxonomy":"post_tag","embeddable":true,"href":"https:\/\/www.adosa.es\/blog\/wp-json\/wp\/v2\/tags?post=6597"}],"curies":[{"name":"wp","href":"https:\/\/api.w.org\/{rel}","templated":true}]}}