{"id":6394,"date":"2024-01-26T10:20:51","date_gmt":"2024-01-26T09:20:51","guid":{"rendered":"https:\/\/www.adosa.es\/blog\/?p=6394"},"modified":"2024-02-14T13:25:17","modified_gmt":"2024-02-14T12:25:17","slug":"barcelona-mas-segura-con-pilonas-flexibles-a-flex-dt","status":"publish","type":"post","link":"https:\/\/www.adosa.es\/blog\/barcelona-mas-segura-con-pilonas-flexibles-a-flex-dt\/","title":{"rendered":"Barcelona m\u00e1s segura con pilonas flexibles A-Flex DT"},"content":{"rendered":"\n<h2 class=\"wp-block-heading\">Barcelona se transforma para aumentar la seguridad para ciclistas y peatones con las instalaciones de pilonas flexibles A-Flex DT.\ud83d\udeb4\u200d\u2642\ufe0f\ud83c\udf06\u2728<\/h2>\n\n\n\n<p>Desde la ic\u00f3nica Sagrada Familia hasta la bulliciosa Meridiana, hemos mejorado la protecci\u00f3n en muchos kil\u00f3metros de la ciudad con<strong><a href=\"https:\/\/www.adosa.es\/mobiliario-urbano\/mobiliario-urbano-pilona-flexible-fija-aflex-dt-carril-bici.html\"> pilonas flexibles A-Flex DT.<\/a><\/strong><\/p>\n\n\n\n<p><\/p>\n\n\n\n<figure class=\"wp-block-gallery has-nested-images columns-default is-cropped wp-block-gallery-1 is-layout-flex wp-block-gallery-is-layout-flex\">\n<figure class=\"wp-block-image size-large\"><img loading=\"lazy\" decoding=\"async\" width=\"768\" height=\"1024\" data-id=\"6395\" src=\"https:\/\/www.adosa.es\/blog\/wp-content\/uploads\/2024\/01\/carrilbici1-768x1024.jpg\" alt=\"pilonas flexibles A-Flex DT\" class=\"wp-image-6395\" srcset=\"https:\/\/www.adosa.es\/blog\/wp-content\/uploads\/2024\/01\/carrilbici1-768x1024.jpg 768w, https:\/\/www.adosa.es\/blog\/wp-content\/uploads\/2024\/01\/carrilbici1-225x300.jpg 225w, https:\/\/www.adosa.es\/blog\/wp-content\/uploads\/2024\/01\/carrilbici1-1152x1536.jpg 1152w, https:\/\/www.adosa.es\/blog\/wp-content\/uploads\/2024\/01\/carrilbici1-1536x2048.jpg 1536w, https:\/\/www.adosa.es\/blog\/wp-content\/uploads\/2024\/01\/carrilbici1-scaled.jpg 1920w\" sizes=\"auto, (max-width: 768px) 100vw, 768px\" \/><\/figure>\n\n\n\n<figure class=\"wp-block-image size-large\"><img loading=\"lazy\" decoding=\"async\" width=\"790\" height=\"1024\" data-id=\"6396\" src=\"https:\/\/www.adosa.es\/blog\/wp-content\/uploads\/2024\/01\/20170928_163311-790x1024.jpg\" alt=\"instalacion en barcelona de pilonas aflex para carril bici\" class=\"wp-image-6396\" srcset=\"https:\/\/www.adosa.es\/blog\/wp-content\/uploads\/2024\/01\/20170928_163311-790x1024.jpg 790w, https:\/\/www.adosa.es\/blog\/wp-content\/uploads\/2024\/01\/20170928_163311-231x300.jpg 231w, https:\/\/www.adosa.es\/blog\/wp-content\/uploads\/2024\/01\/20170928_163311-768x995.jpg 768w, https:\/\/www.adosa.es\/blog\/wp-content\/uploads\/2024\/01\/20170928_163311-1185x1536.jpg 1185w, https:\/\/www.adosa.es\/blog\/wp-content\/uploads\/2024\/01\/20170928_163311-1580x2048.jpg 1580w, https:\/\/www.adosa.es\/blog\/wp-content\/uploads\/2024\/01\/20170928_163311-scaled.jpg 1975w\" sizes=\"auto, (max-width: 790px) 100vw, 790px\" \/><\/figure>\n\n\n\n<figure class=\"wp-block-image size-large\"><img loading=\"lazy\" decoding=\"async\" width=\"576\" height=\"1024\" data-id=\"6397\" src=\"https:\/\/www.adosa.es\/blog\/wp-content\/uploads\/2024\/01\/20170928_171237-576x1024.jpg\" alt=\"instalacion en barcelona de pilonas aflex para carril bici\" class=\"wp-image-6397\" srcset=\"https:\/\/www.adosa.es\/blog\/wp-content\/uploads\/2024\/01\/20170928_171237-576x1024.jpg 576w, https:\/\/www.adosa.es\/blog\/wp-content\/uploads\/2024\/01\/20170928_171237-169x300.jpg 169w, https:\/\/www.adosa.es\/blog\/wp-content\/uploads\/2024\/01\/20170928_171237-768x1365.jpg 768w, https:\/\/www.adosa.es\/blog\/wp-content\/uploads\/2024\/01\/20170928_171237-864x1536.jpg 864w, https:\/\/www.adosa.es\/blog\/wp-content\/uploads\/2024\/01\/20170928_171237-1152x2048.jpg 1152w, https:\/\/www.adosa.es\/blog\/wp-content\/uploads\/2024\/01\/20170928_171237-scaled.jpg 1440w\" sizes=\"auto, (max-width: 576px) 100vw, 576px\" \/><\/figure>\n<\/figure>\n\n\n\n<p><\/p>\n\n\n\n<p>Estas pilonas, con doble fresado y cintas reflectantes, no solo son elementos de protecci\u00f3n, sino testimonios de resistencia excepcional. Han superado m\u00e1s de 2000 ciclos a 90\u00ba sin mostrar rajas ni deformaciones, estableciendo un est\u00e1ndar indestructible en la salvaguarda de los carriles bici barceloneses.<\/p>\n\n\n\n<p>En puntos estrat\u00e9gicos, estas pilonas delimitadoras no solo brindan seguridad, sino que tambi\u00e9n mejoran la visibilidad en entornos urbanos. Las cintas reflectantes aseguran que ciclistas y peatones se desplacen con confianza, contribuyendo a una movilidad m\u00e1s segura y eficiente.<\/p>\n\n\n\n<p>Desde la Sagrada Familia hasta la Meridiana y m\u00e1s all\u00e1, cada instalaci\u00f3n de pilonas flexibles es un testimonio de compromiso con la seguridad vial. Barcelona se convierte en un faro de protecci\u00f3n, destacando la importancia de la movilidad sostenible y la integraci\u00f3n segura de los diversos modos de transporte.<\/p>\n\n\n\n<p>Estas pilonas no solo definen el paisaje urbano, sino que tambi\u00e9n defienden la seguridad de quienes comparten las calles. Barcelona, con su visi\u00f3n progresista, lidera el camino hacia una movilidad urbana m\u00e1s segura y sostenible. <\/p>\n\n\n\n<p>\u00a1Descubre c\u00f3mo estas pilonas est\u00e1n moldeando el futuro de la movilidad en nuestra querida ciudad!<\/p>\n\n\n\n<p><a href=\"https:\/\/www.instagram.com\/ado_cerramientos_metalicos\/\"><em>Barcelona #MovilidadSostenible #PilonasFlexibles #SeguridadVial #bcn #ado<\/em><\/a><\/p>\n","protected":false},"excerpt":{"rendered":"<p>Barcelona se transforma para aumentar la seguridad para ciclistas y peatones con las instalaciones de pilonas flexibles A-Flex DT.\ud83d\udeb4\u200d\u2642\ufe0f\ud83c\udf06\u2728 Desde la ic\u00f3nica Sagrada Familia hasta la bulliciosa Meridiana, hemos mejorado la protecci\u00f3n en muchos kil\u00f3metros de la ciudad con pilonas flexibles A-Flex DT. Estas pilonas, con doble fresado y cintas reflectantes, no solo son elementos [&hellip;]<\/p>\n","protected":false},"author":1,"featured_media":6398,"comment_status":"closed","ping_status":"open","sticky":false,"template":"","format":"standard","meta":{"footnotes":""},"categories":[3,152,200],"tags":[62,312],"class_list":["post-6394","post","type-post","status-publish","format-standard","has-post-thumbnail","hentry","category-mobiliario-urbano","category-pilonas-flexibles-a-flex","category-carril-bici","tag-reflectantes","tag-carril-bici-barcelona"],"yoast_head":"<!-- This site is optimized with the Yoast SEO plugin v27.5 - https:\/\/yoast.com\/product\/yoast-seo-wordpress\/ -->\n<title>Barcelona m\u00e1s segura con pilonas flexibles A-Flex DT - ADO Blog<\/title>\n<meta name=\"description\" content=\"Barcelona se transforma para aumentar la seguridad para ciclistas y peatones con las instalaciones de pilonas flexibles A-Flex DT.\" \/>\n<meta name=\"robots\" content=\"index, follow, max-snippet:-1, max-image-preview:large, max-video-preview:-1\" \/>\n<link rel=\"canonical\" href=\"https:\/\/www.adosa.es\/blog\/barcelona-mas-segura-con-pilonas-flexibles-a-flex-dt\/\" \/>\n<meta property=\"og:locale\" content=\"es_ES\" \/>\n<meta property=\"og:type\" content=\"article\" \/>\n<meta property=\"og:title\" content=\"Barcelona m\u00e1s segura con pilonas flexibles A-Flex DT - ADO Blog\" \/>\n<meta property=\"og:description\" content=\"Barcelona se transforma para aumentar la seguridad para ciclistas y peatones con las instalaciones de pilonas flexibles A-Flex DT.\" \/>\n<meta property=\"og:url\" content=\"https:\/\/www.adosa.es\/blog\/barcelona-mas-segura-con-pilonas-flexibles-a-flex-dt\/\" \/>\n<meta property=\"og:site_name\" content=\"ADO Blog\" \/>\n<meta property=\"article:publisher\" content=\"https:\/\/www.facebook.com\/adobcn1\/\" \/>\n<meta property=\"article:published_time\" content=\"2024-01-26T09:20:51+00:00\" \/>\n<meta property=\"article:modified_time\" content=\"2024-02-14T12:25:17+00:00\" \/>\n<meta property=\"og:image\" content=\"https:\/\/www.adosa.es\/blog\/wp-content\/uploads\/2024\/01\/thb-bcn-pilona-flex-bici.jpg\" \/>\n\t<meta property=\"og:image:width\" content=\"358\" \/>\n\t<meta property=\"og:image:height\" content=\"320\" \/>\n\t<meta property=\"og:image:type\" content=\"image\/jpeg\" \/>\n<meta name=\"author\" content=\"adosa\" \/>\n<meta name=\"twitter:card\" content=\"summary_large_image\" \/>\n<meta name=\"twitter:creator\" content=\"@Adobcn\" \/>\n<meta name=\"twitter:site\" content=\"@Adobcn\" \/>\n<meta name=\"twitter:label1\" content=\"Escrito por\" \/>\n\t<meta name=\"twitter:data1\" content=\"adosa\" \/>\n\t<meta name=\"twitter:label2\" content=\"Tiempo de lectura\" \/>\n\t<meta name=\"twitter:data2\" content=\"2 minutos\" \/>\n<script type=\"application\/ld+json\" class=\"yoast-schema-graph\">{\"@context\":\"https:\\\/\\\/schema.org\",\"@graph\":[{\"@type\":\"Article\",\"@id\":\"https:\\\/\\\/www.adosa.es\\\/blog\\\/barcelona-mas-segura-con-pilonas-flexibles-a-flex-dt\\\/#article\",\"isPartOf\":{\"@id\":\"https:\\\/\\\/www.adosa.es\\\/blog\\\/barcelona-mas-segura-con-pilonas-flexibles-a-flex-dt\\\/\"},\"author\":{\"name\":\"adosa\",\"@id\":\"https:\\\/\\\/www.adosa.es\\\/blog\\\/#\\\/schema\\\/person\\\/81eafc1325fbcc103884a7dfefe3802d\"},\"headline\":\"Barcelona m\u00e1s segura con pilonas flexibles A-Flex DT\",\"datePublished\":\"2024-01-26T09:20:51+00:00\",\"dateModified\":\"2024-02-14T12:25:17+00:00\",\"mainEntityOfPage\":{\"@id\":\"https:\\\/\\\/www.adosa.es\\\/blog\\\/barcelona-mas-segura-con-pilonas-flexibles-a-flex-dt\\\/\"},\"wordCount\":256,\"publisher\":{\"@id\":\"https:\\\/\\\/www.adosa.es\\\/blog\\\/#organization\"},\"image\":{\"@id\":\"https:\\\/\\\/www.adosa.es\\\/blog\\\/barcelona-mas-segura-con-pilonas-flexibles-a-flex-dt\\\/#primaryimage\"},\"thumbnailUrl\":\"https:\\\/\\\/www.adosa.es\\\/blog\\\/wp-content\\\/uploads\\\/2024\\\/01\\\/thb-bcn-pilona-flex-bici.jpg\",\"keywords\":[\"reflectantes\",\"carril bici barcelona\"],\"articleSection\":[\"Mobiliario Urbano\",\"Pilonas Flexibles A-Flex\",\"Carril bici\"],\"inLanguage\":\"es\"},{\"@type\":\"WebPage\",\"@id\":\"https:\\\/\\\/www.adosa.es\\\/blog\\\/barcelona-mas-segura-con-pilonas-flexibles-a-flex-dt\\\/\",\"url\":\"https:\\\/\\\/www.adosa.es\\\/blog\\\/barcelona-mas-segura-con-pilonas-flexibles-a-flex-dt\\\/\",\"name\":\"Barcelona m\u00e1s segura con pilonas flexibles A-Flex DT - ADO Blog\",\"isPartOf\":{\"@id\":\"https:\\\/\\\/www.adosa.es\\\/blog\\\/#website\"},\"primaryImageOfPage\":{\"@id\":\"https:\\\/\\\/www.adosa.es\\\/blog\\\/barcelona-mas-segura-con-pilonas-flexibles-a-flex-dt\\\/#primaryimage\"},\"image\":{\"@id\":\"https:\\\/\\\/www.adosa.es\\\/blog\\\/barcelona-mas-segura-con-pilonas-flexibles-a-flex-dt\\\/#primaryimage\"},\"thumbnailUrl\":\"https:\\\/\\\/www.adosa.es\\\/blog\\\/wp-content\\\/uploads\\\/2024\\\/01\\\/thb-bcn-pilona-flex-bici.jpg\",\"datePublished\":\"2024-01-26T09:20:51+00:00\",\"dateModified\":\"2024-02-14T12:25:17+00:00\",\"description\":\"Barcelona se transforma para aumentar la seguridad para ciclistas y peatones con las instalaciones de pilonas flexibles A-Flex DT.\",\"breadcrumb\":{\"@id\":\"https:\\\/\\\/www.adosa.es\\\/blog\\\/barcelona-mas-segura-con-pilonas-flexibles-a-flex-dt\\\/#breadcrumb\"},\"inLanguage\":\"es\",\"potentialAction\":[{\"@type\":\"ReadAction\",\"target\":[\"https:\\\/\\\/www.adosa.es\\\/blog\\\/barcelona-mas-segura-con-pilonas-flexibles-a-flex-dt\\\/\"]}]},{\"@type\":\"ImageObject\",\"inLanguage\":\"es\",\"@id\":\"https:\\\/\\\/www.adosa.es\\\/blog\\\/barcelona-mas-segura-con-pilonas-flexibles-a-flex-dt\\\/#primaryimage\",\"url\":\"https:\\\/\\\/www.adosa.es\\\/blog\\\/wp-content\\\/uploads\\\/2024\\\/01\\\/thb-bcn-pilona-flex-bici.jpg\",\"contentUrl\":\"https:\\\/\\\/www.adosa.es\\\/blog\\\/wp-content\\\/uploads\\\/2024\\\/01\\\/thb-bcn-pilona-flex-bici.jpg\",\"width\":358,\"height\":320,\"caption\":\"pilona aflex dt carril bici\"},{\"@type\":\"BreadcrumbList\",\"@id\":\"https:\\\/\\\/www.adosa.es\\\/blog\\\/barcelona-mas-segura-con-pilonas-flexibles-a-flex-dt\\\/#breadcrumb\",\"itemListElement\":[{\"@type\":\"ListItem\",\"position\":1,\"name\":\"Portada\",\"item\":\"https:\\\/\\\/www.adosa.es\\\/blog\\\/\"},{\"@type\":\"ListItem\",\"position\":2,\"name\":\"Barcelona m\u00e1s segura con pilonas flexibles A-Flex DT\"}]},{\"@type\":\"WebSite\",\"@id\":\"https:\\\/\\\/www.adosa.es\\\/blog\\\/#website\",\"url\":\"https:\\\/\\\/www.adosa.es\\\/blog\\\/\",\"name\":\"ADO Blog\",\"description\":\"\",\"publisher\":{\"@id\":\"https:\\\/\\\/www.adosa.es\\\/blog\\\/#organization\"},\"alternateName\":\"Ado blog corporativo\",\"potentialAction\":[{\"@type\":\"SearchAction\",\"target\":{\"@type\":\"EntryPoint\",\"urlTemplate\":\"https:\\\/\\\/www.adosa.es\\\/blog\\\/?s={search_term_string}\"},\"query-input\":{\"@type\":\"PropertyValueSpecification\",\"valueRequired\":true,\"valueName\":\"search_term_string\"}}],\"inLanguage\":\"es\"},{\"@type\":\"Organization\",\"@id\":\"https:\\\/\\\/www.adosa.es\\\/blog\\\/#organization\",\"name\":\"ADO Blog\",\"url\":\"https:\\\/\\\/www.adosa.es\\\/blog\\\/\",\"logo\":{\"@type\":\"ImageObject\",\"inLanguage\":\"es\",\"@id\":\"https:\\\/\\\/www.adosa.es\\\/blog\\\/#\\\/schema\\\/logo\\\/image\\\/\",\"url\":\"https:\\\/\\\/www.adosa.es\\\/blog\\\/wp-content\\\/uploads\\\/2023\\\/10\\\/ado.png\",\"contentUrl\":\"https:\\\/\\\/www.adosa.es\\\/blog\\\/wp-content\\\/uploads\\\/2023\\\/10\\\/ado.png\",\"width\":193,\"height\":101,\"caption\":\"ADO Blog\"},\"image\":{\"@id\":\"https:\\\/\\\/www.adosa.es\\\/blog\\\/#\\\/schema\\\/logo\\\/image\\\/\"},\"sameAs\":[\"https:\\\/\\\/www.facebook.com\\\/adobcn1\\\/\",\"https:\\\/\\\/x.com\\\/Adobcn\",\"https:\\\/\\\/www.instagram.com\\\/ado_cerramientos_metalicos\\\/\",\"https:\\\/\\\/www.flickr.com\\\/photos\\\/adocerramientosmetalicos\",\"https:\\\/\\\/www.pinterest.es\\\/adocerramientos\\\/\",\"https:\\\/\\\/www.linkedin.com\\\/company\\\/2141531\\\/admin\\\/feed\\\/posts\\\/\",\"https:\\\/\\\/www.youtube.com\\\/user\\\/adosa2010\"]},{\"@type\":\"Person\",\"@id\":\"https:\\\/\\\/www.adosa.es\\\/blog\\\/#\\\/schema\\\/person\\\/81eafc1325fbcc103884a7dfefe3802d\",\"name\":\"adosa\",\"image\":{\"@type\":\"ImageObject\",\"inLanguage\":\"es\",\"@id\":\"https:\\\/\\\/secure.gravatar.com\\\/avatar\\\/d6d888f49f452edf67f2cba46f345d128154016f2e15749dd5b837e034803083?s=96&d=mm&r=g\",\"url\":\"https:\\\/\\\/secure.gravatar.com\\\/avatar\\\/d6d888f49f452edf67f2cba46f345d128154016f2e15749dd5b837e034803083?s=96&d=mm&r=g\",\"contentUrl\":\"https:\\\/\\\/secure.gravatar.com\\\/avatar\\\/d6d888f49f452edf67f2cba46f345d128154016f2e15749dd5b837e034803083?s=96&d=mm&r=g\",\"caption\":\"adosa\"},\"sameAs\":[\"https:\\\/\\\/www.adosa.es\\\/blog\"],\"url\":\"https:\\\/\\\/www.adosa.es\\\/blog\\\/author\\\/adosa\\\/\"}]}<\/script>\n<!-- \/ Yoast SEO plugin. -->","yoast_head_json":{"title":"Barcelona m\u00e1s segura con pilonas flexibles A-Flex DT - ADO Blog","description":"Barcelona se transforma para aumentar la seguridad para ciclistas y peatones con las instalaciones de pilonas flexibles A-Flex DT.","robots":{"index":"index","follow":"follow","max-snippet":"max-snippet:-1","max-image-preview":"max-image-preview:large","max-video-preview":"max-video-preview:-1"},"canonical":"https:\/\/www.adosa.es\/blog\/barcelona-mas-segura-con-pilonas-flexibles-a-flex-dt\/","og_locale":"es_ES","og_type":"article","og_title":"Barcelona m\u00e1s segura con pilonas flexibles A-Flex DT - ADO Blog","og_description":"Barcelona se transforma para aumentar la seguridad para ciclistas y peatones con las instalaciones de pilonas flexibles A-Flex DT.","og_url":"https:\/\/www.adosa.es\/blog\/barcelona-mas-segura-con-pilonas-flexibles-a-flex-dt\/","og_site_name":"ADO Blog","article_publisher":"https:\/\/www.facebook.com\/adobcn1\/","article_published_time":"2024-01-26T09:20:51+00:00","article_modified_time":"2024-02-14T12:25:17+00:00","og_image":[{"width":358,"height":320,"url":"https:\/\/www.adosa.es\/blog\/wp-content\/uploads\/2024\/01\/thb-bcn-pilona-flex-bici.jpg","type":"image\/jpeg"}],"author":"adosa","twitter_card":"summary_large_image","twitter_creator":"@Adobcn","twitter_site":"@Adobcn","twitter_misc":{"Escrito por":"adosa","Tiempo de lectura":"2 minutos"},"schema":{"@context":"https:\/\/schema.org","@graph":[{"@type":"Article","@id":"https:\/\/www.adosa.es\/blog\/barcelona-mas-segura-con-pilonas-flexibles-a-flex-dt\/#article","isPartOf":{"@id":"https:\/\/www.adosa.es\/blog\/barcelona-mas-segura-con-pilonas-flexibles-a-flex-dt\/"},"author":{"name":"adosa","@id":"https:\/\/www.adosa.es\/blog\/#\/schema\/person\/81eafc1325fbcc103884a7dfefe3802d"},"headline":"Barcelona m\u00e1s segura con pilonas flexibles A-Flex DT","datePublished":"2024-01-26T09:20:51+00:00","dateModified":"2024-02-14T12:25:17+00:00","mainEntityOfPage":{"@id":"https:\/\/www.adosa.es\/blog\/barcelona-mas-segura-con-pilonas-flexibles-a-flex-dt\/"},"wordCount":256,"publisher":{"@id":"https:\/\/www.adosa.es\/blog\/#organization"},"image":{"@id":"https:\/\/www.adosa.es\/blog\/barcelona-mas-segura-con-pilonas-flexibles-a-flex-dt\/#primaryimage"},"thumbnailUrl":"https:\/\/www.adosa.es\/blog\/wp-content\/uploads\/2024\/01\/thb-bcn-pilona-flex-bici.jpg","keywords":["reflectantes","carril bici barcelona"],"articleSection":["Mobiliario Urbano","Pilonas Flexibles A-Flex","Carril bici"],"inLanguage":"es"},{"@type":"WebPage","@id":"https:\/\/www.adosa.es\/blog\/barcelona-mas-segura-con-pilonas-flexibles-a-flex-dt\/","url":"https:\/\/www.adosa.es\/blog\/barcelona-mas-segura-con-pilonas-flexibles-a-flex-dt\/","name":"Barcelona m\u00e1s segura con pilonas flexibles A-Flex DT - ADO Blog","isPartOf":{"@id":"https:\/\/www.adosa.es\/blog\/#website"},"primaryImageOfPage":{"@id":"https:\/\/www.adosa.es\/blog\/barcelona-mas-segura-con-pilonas-flexibles-a-flex-dt\/#primaryimage"},"image":{"@id":"https:\/\/www.adosa.es\/blog\/barcelona-mas-segura-con-pilonas-flexibles-a-flex-dt\/#primaryimage"},"thumbnailUrl":"https:\/\/www.adosa.es\/blog\/wp-content\/uploads\/2024\/01\/thb-bcn-pilona-flex-bici.jpg","datePublished":"2024-01-26T09:20:51+00:00","dateModified":"2024-02-14T12:25:17+00:00","description":"Barcelona se transforma para aumentar la seguridad para ciclistas y peatones con las instalaciones de pilonas flexibles A-Flex DT.","breadcrumb":{"@id":"https:\/\/www.adosa.es\/blog\/barcelona-mas-segura-con-pilonas-flexibles-a-flex-dt\/#breadcrumb"},"inLanguage":"es","potentialAction":[{"@type":"ReadAction","target":["https:\/\/www.adosa.es\/blog\/barcelona-mas-segura-con-pilonas-flexibles-a-flex-dt\/"]}]},{"@type":"ImageObject","inLanguage":"es","@id":"https:\/\/www.adosa.es\/blog\/barcelona-mas-segura-con-pilonas-flexibles-a-flex-dt\/#primaryimage","url":"https:\/\/www.adosa.es\/blog\/wp-content\/uploads\/2024\/01\/thb-bcn-pilona-flex-bici.jpg","contentUrl":"https:\/\/www.adosa.es\/blog\/wp-content\/uploads\/2024\/01\/thb-bcn-pilona-flex-bici.jpg","width":358,"height":320,"caption":"pilona aflex dt carril bici"},{"@type":"BreadcrumbList","@id":"https:\/\/www.adosa.es\/blog\/barcelona-mas-segura-con-pilonas-flexibles-a-flex-dt\/#breadcrumb","itemListElement":[{"@type":"ListItem","position":1,"name":"Portada","item":"https:\/\/www.adosa.es\/blog\/"},{"@type":"ListItem","position":2,"name":"Barcelona m\u00e1s segura con pilonas flexibles A-Flex DT"}]},{"@type":"WebSite","@id":"https:\/\/www.adosa.es\/blog\/#website","url":"https:\/\/www.adosa.es\/blog\/","name":"ADO Blog","description":"","publisher":{"@id":"https:\/\/www.adosa.es\/blog\/#organization"},"alternateName":"Ado blog corporativo","potentialAction":[{"@type":"SearchAction","target":{"@type":"EntryPoint","urlTemplate":"https:\/\/www.adosa.es\/blog\/?s={search_term_string}"},"query-input":{"@type":"PropertyValueSpecification","valueRequired":true,"valueName":"search_term_string"}}],"inLanguage":"es"},{"@type":"Organization","@id":"https:\/\/www.adosa.es\/blog\/#organization","name":"ADO Blog","url":"https:\/\/www.adosa.es\/blog\/","logo":{"@type":"ImageObject","inLanguage":"es","@id":"https:\/\/www.adosa.es\/blog\/#\/schema\/logo\/image\/","url":"https:\/\/www.adosa.es\/blog\/wp-content\/uploads\/2023\/10\/ado.png","contentUrl":"https:\/\/www.adosa.es\/blog\/wp-content\/uploads\/2023\/10\/ado.png","width":193,"height":101,"caption":"ADO Blog"},"image":{"@id":"https:\/\/www.adosa.es\/blog\/#\/schema\/logo\/image\/"},"sameAs":["https:\/\/www.facebook.com\/adobcn1\/","https:\/\/x.com\/Adobcn","https:\/\/www.instagram.com\/ado_cerramientos_metalicos\/","https:\/\/www.flickr.com\/photos\/adocerramientosmetalicos","https:\/\/www.pinterest.es\/adocerramientos\/","https:\/\/www.linkedin.com\/company\/2141531\/admin\/feed\/posts\/","https:\/\/www.youtube.com\/user\/adosa2010"]},{"@type":"Person","@id":"https:\/\/www.adosa.es\/blog\/#\/schema\/person\/81eafc1325fbcc103884a7dfefe3802d","name":"adosa","image":{"@type":"ImageObject","inLanguage":"es","@id":"https:\/\/secure.gravatar.com\/avatar\/d6d888f49f452edf67f2cba46f345d128154016f2e15749dd5b837e034803083?s=96&d=mm&r=g","url":"https:\/\/secure.gravatar.com\/avatar\/d6d888f49f452edf67f2cba46f345d128154016f2e15749dd5b837e034803083?s=96&d=mm&r=g","contentUrl":"https:\/\/secure.gravatar.com\/avatar\/d6d888f49f452edf67f2cba46f345d128154016f2e15749dd5b837e034803083?s=96&d=mm&r=g","caption":"adosa"},"sameAs":["https:\/\/www.adosa.es\/blog"],"url":"https:\/\/www.adosa.es\/blog\/author\/adosa\/"}]}},"_links":{"self":[{"href":"https:\/\/www.adosa.es\/blog\/wp-json\/wp\/v2\/posts\/6394","targetHints":{"allow":["GET"]}}],"collection":[{"href":"https:\/\/www.adosa.es\/blog\/wp-json\/wp\/v2\/posts"}],"about":[{"href":"https:\/\/www.adosa.es\/blog\/wp-json\/wp\/v2\/types\/post"}],"author":[{"embeddable":true,"href":"https:\/\/www.adosa.es\/blog\/wp-json\/wp\/v2\/users\/1"}],"replies":[{"embeddable":true,"href":"https:\/\/www.adosa.es\/blog\/wp-json\/wp\/v2\/comments?post=6394"}],"version-history":[{"count":3,"href":"https:\/\/www.adosa.es\/blog\/wp-json\/wp\/v2\/posts\/6394\/revisions"}],"predecessor-version":[{"id":6436,"href":"https:\/\/www.adosa.es\/blog\/wp-json\/wp\/v2\/posts\/6394\/revisions\/6436"}],"wp:featuredmedia":[{"embeddable":true,"href":"https:\/\/www.adosa.es\/blog\/wp-json\/wp\/v2\/media\/6398"}],"wp:attachment":[{"href":"https:\/\/www.adosa.es\/blog\/wp-json\/wp\/v2\/media?parent=6394"}],"wp:term":[{"taxonomy":"category","embeddable":true,"href":"https:\/\/www.adosa.es\/blog\/wp-json\/wp\/v2\/categories?post=6394"},{"taxonomy":"post_tag","embeddable":true,"href":"https:\/\/www.adosa.es\/blog\/wp-json\/wp\/v2\/tags?post=6394"}],"curies":[{"name":"wp","href":"https:\/\/api.w.org\/{rel}","templated":true}]}}