{"id":6318,"date":"2023-11-16T07:36:24","date_gmt":"2023-11-16T06:36:24","guid":{"rendered":"https:\/\/www.adosa.es\/blog\/?p=6318"},"modified":"2023-11-16T07:42:29","modified_gmt":"2023-11-16T06:42:29","slug":"vallado-opaco-de-panel-sandwich-en-mercat-abaceria-barcelona","status":"publish","type":"post","link":"https:\/\/www.adosa.es\/blog\/vallado-opaco-de-panel-sandwich-en-mercat-abaceria-barcelona\/","title":{"rendered":"Vallado opaco de panel sandwich en Mercat Abaceria, Barcelona"},"content":{"rendered":"\n<h2 class=\"wp-block-heading\">Soluci\u00f3n vers\u00e1til y segura para delimitaci\u00f3n de obras temporales<\/h2>\n\n\n\n<p>En la reciente obra en <strong>Mercat Abaceria, Barcelona,<\/strong> <a href=\"https:\/\/www.instagram.com\/mercatabaceriagracia\/\"><strong>@mercatabaceriagracia<\/strong><\/a> se emple\u00f3 un novedoso sistema de vallado: la <strong><a href=\"https:\/\/www.adosa.es\/vallados\/valla-opaca-sandwich.html\">valla opaca de panel sandwich<\/a><\/strong>. Este vallado demostr\u00f3 ser altamente eficaz, siendo una soluci\u00f3n vers\u00e1til y pr\u00e1ctica para delimitar obras temporales, con montaje y desmontaje r\u00e1pidos.<\/p>\n\n\n\n<figure class=\"wp-block-image size-large\"><img loading=\"lazy\" decoding=\"async\" width=\"1024\" height=\"1024\" src=\"https:\/\/www.adosa.es\/blog\/wp-content\/uploads\/2023\/11\/vallado-mercado3-1024x1024.jpg\" alt=\"Vallado opaco de panel sandwich en Mercat Abaceria\" class=\"wp-image-6319\" srcset=\"https:\/\/www.adosa.es\/blog\/wp-content\/uploads\/2023\/11\/vallado-mercado3-1024x1024.jpg 1024w, https:\/\/www.adosa.es\/blog\/wp-content\/uploads\/2023\/11\/vallado-mercado3-300x300.jpg 300w, https:\/\/www.adosa.es\/blog\/wp-content\/uploads\/2023\/11\/vallado-mercado3-150x150.jpg 150w, https:\/\/www.adosa.es\/blog\/wp-content\/uploads\/2023\/11\/vallado-mercado3-768x768.jpg 768w, https:\/\/www.adosa.es\/blog\/wp-content\/uploads\/2023\/11\/vallado-mercado3.jpg 1080w\" sizes=\"auto, (max-width: 1024px) 100vw, 1024px\" \/><\/figure>\n\n\n\n<p><\/p>\n\n\n\n<p>La valla opaca de panel s\u00e1ndwich se destaca por su dise\u00f1o modular y su adaptabilidad a diferentes entornos. Los paneles de acero prelacado de 3 cm de espesor y acabado grecado, con n\u00facleo de poliuretano, ofrecen resistencia al fuego Clase F, garantizando seguridad en entornos de construcci\u00f3n.<\/p>\n\n\n\n<p>Este tipo de vallado se complementa con postes met\u00e1licos galvanizados, disponibles en varias dimensiones y longitudes est\u00e1ndar para satisfacer las necesidades de cada proyecto. La fijaci\u00f3n de las chapas grecadas a los postes se realiza con tornillos autoroscantes, asegurando una sujeci\u00f3n firme.<\/p>\n\n\n\n<p>La adaptabilidad es una ventaja clave de este sistema. Los postes pueden ser empotrados o fijados al pavimento seg\u00fan lo requiera la obra, con una distancia entre ellos adaptable (1,5 o 3 metros), todo ajustado a las necesidades del cliente.<\/p>\n\n\n\n<p><\/p>\n\n\n\n<figure class=\"wp-block-gallery has-nested-images columns-default is-cropped wp-block-gallery-1 is-layout-flex wp-block-gallery-is-layout-flex\">\n<figure class=\"wp-block-image size-large\"><img loading=\"lazy\" decoding=\"async\" width=\"1024\" height=\"1024\" data-id=\"6320\" src=\"https:\/\/www.adosa.es\/blog\/wp-content\/uploads\/2023\/11\/vallado-mercado1-1024x1024.jpg\" alt=\"vallado panel sandwich mercat abaceria\" class=\"wp-image-6320\" srcset=\"https:\/\/www.adosa.es\/blog\/wp-content\/uploads\/2023\/11\/vallado-mercado1-1024x1024.jpg 1024w, https:\/\/www.adosa.es\/blog\/wp-content\/uploads\/2023\/11\/vallado-mercado1-300x300.jpg 300w, https:\/\/www.adosa.es\/blog\/wp-content\/uploads\/2023\/11\/vallado-mercado1-150x150.jpg 150w, https:\/\/www.adosa.es\/blog\/wp-content\/uploads\/2023\/11\/vallado-mercado1-768x768.jpg 768w, https:\/\/www.adosa.es\/blog\/wp-content\/uploads\/2023\/11\/vallado-mercado1.jpg 1080w\" sizes=\"auto, (max-width: 1024px) 100vw, 1024px\" \/><\/figure>\n\n\n\n<figure class=\"wp-block-image size-large\"><img loading=\"lazy\" decoding=\"async\" width=\"1024\" height=\"1024\" data-id=\"6321\" src=\"https:\/\/www.adosa.es\/blog\/wp-content\/uploads\/2023\/11\/vallado-mercado2-1024x1024.jpg\" alt=\"vallado panel sandwich\" class=\"wp-image-6321\" srcset=\"https:\/\/www.adosa.es\/blog\/wp-content\/uploads\/2023\/11\/vallado-mercado2-1024x1024.jpg 1024w, https:\/\/www.adosa.es\/blog\/wp-content\/uploads\/2023\/11\/vallado-mercado2-300x300.jpg 300w, https:\/\/www.adosa.es\/blog\/wp-content\/uploads\/2023\/11\/vallado-mercado2-150x150.jpg 150w, https:\/\/www.adosa.es\/blog\/wp-content\/uploads\/2023\/11\/vallado-mercado2-768x768.jpg 768w, https:\/\/www.adosa.es\/blog\/wp-content\/uploads\/2023\/11\/vallado-mercado2.jpg 1080w\" sizes=\"auto, (max-width: 1024px) 100vw, 1024px\" \/><\/figure>\n<\/figure>\n\n\n\n<p><\/p>\n\n\n\n<p>La instalaci\u00f3n en Mercat Abaceria demostr\u00f3 ser una soluci\u00f3n eficiente y pr\u00e1ctica para delimitar obras o solares en construcci\u00f3n. La rapidez en su montaje, dise\u00f1o modular y la capacidad de brindar seguridad hacen de este vallado una opci\u00f3n ideal para cerramientos temporales en proyectos de construcci\u00f3n.<\/p>\n\n\n\n<p>El vallado opaco de panel sandwich no solo cumple con las funciones requeridas, sino que tambi\u00e9n se adapta a las normativas locales, manteniendo una est\u00e9tica acorde al entorno urbano. Esto evidencia su capacidad para integrarse efectivamente en proyectos urbanos, ofreciendo soluciones modernas y seguras para las necesidades temporales de vallado en \u00e1reas de construcci\u00f3n como Mercat Abaceria en Barcelona.<\/p>\n\n\n\n<p>\ud83c\udfd7\ufe0f\ud83d\udd29\ud83d\udee0\ufe0f\ud83d\udd25 <a href=\"https:\/\/www.instagram.com\/ado_cerramientos_metalicos\/\">#Construcci\u00f3nEficiente #Vallados #ValladosModulares #Barcelona #SistemaDeVallado #SeguridadEnConstrucci\u00f3n #Eficiencia #MontajeR\u00e1pido #PanelSandwich #AdaptabilidadUrbana<\/a><\/p>\n","protected":false},"excerpt":{"rendered":"<p>Soluci\u00f3n vers\u00e1til y segura para delimitaci\u00f3n de obras temporales En la reciente obra en Mercat Abaceria, Barcelona, @mercatabaceriagracia se emple\u00f3 un novedoso sistema de vallado: la valla opaca de panel sandwich. Este vallado demostr\u00f3 ser altamente eficaz, siendo una soluci\u00f3n vers\u00e1til y pr\u00e1ctica para delimitar obras temporales, con montaje y desmontaje r\u00e1pidos. La valla opaca [&hellip;]<\/p>\n","protected":false},"author":1,"featured_media":6323,"comment_status":"closed","ping_status":"open","sticky":false,"template":"","format":"standard","meta":{"footnotes":""},"categories":[30],"tags":[643,644],"class_list":["post-6318","post","type-post","status-publish","format-standard","has-post-thumbnail","hentry","category-vallados","tag-panel-sandwich","tag-valla-opaca"],"yoast_head":"<!-- This site is optimized with the Yoast SEO plugin v27.5 - https:\/\/yoast.com\/product\/yoast-seo-wordpress\/ -->\n<title>Vallado opaco de panel sandwich en Mercat Abaceria, Barcelona - ADO Blog<\/title>\n<meta name=\"description\" content=\"En la reciente obra llevada a cabo en Mercat Abaceria se implement\u00f3 un innovador vallado panel sandwich en Barcelona.\" \/>\n<meta name=\"robots\" content=\"index, follow, max-snippet:-1, max-image-preview:large, max-video-preview:-1\" \/>\n<link rel=\"canonical\" href=\"https:\/\/www.adosa.es\/blog\/vallado-opaco-de-panel-sandwich-en-mercat-abaceria-barcelona\/\" \/>\n<meta property=\"og:locale\" content=\"es_ES\" \/>\n<meta property=\"og:type\" content=\"article\" \/>\n<meta property=\"og:title\" content=\"Vallado opaco de panel sandwich en Mercat Abaceria, Barcelona - ADO Blog\" \/>\n<meta property=\"og:description\" content=\"En la reciente obra llevada a cabo en Mercat Abaceria se implement\u00f3 un innovador vallado panel sandwich en Barcelona.\" \/>\n<meta property=\"og:url\" content=\"https:\/\/www.adosa.es\/blog\/vallado-opaco-de-panel-sandwich-en-mercat-abaceria-barcelona\/\" \/>\n<meta property=\"og:site_name\" content=\"ADO Blog\" \/>\n<meta property=\"article:publisher\" content=\"https:\/\/www.facebook.com\/adobcn1\/\" \/>\n<meta property=\"article:published_time\" content=\"2023-11-16T06:36:24+00:00\" \/>\n<meta property=\"article:modified_time\" content=\"2023-11-16T06:42:29+00:00\" \/>\n<meta property=\"og:image\" content=\"https:\/\/www.adosa.es\/blog\/wp-content\/uploads\/2023\/11\/vallado-mercado-blog.jpg\" \/>\n\t<meta property=\"og:image:width\" content=\"358\" \/>\n\t<meta property=\"og:image:height\" content=\"320\" \/>\n\t<meta property=\"og:image:type\" content=\"image\/jpeg\" \/>\n<meta name=\"author\" content=\"adosa\" \/>\n<meta name=\"twitter:card\" content=\"summary_large_image\" \/>\n<meta name=\"twitter:creator\" content=\"@Adobcn\" \/>\n<meta name=\"twitter:site\" content=\"@Adobcn\" \/>\n<meta name=\"twitter:label1\" content=\"Escrito por\" \/>\n\t<meta name=\"twitter:data1\" content=\"adosa\" \/>\n\t<meta name=\"twitter:label2\" content=\"Tiempo de lectura\" \/>\n\t<meta name=\"twitter:data2\" content=\"2 minutos\" \/>\n<script type=\"application\/ld+json\" class=\"yoast-schema-graph\">{\"@context\":\"https:\\\/\\\/schema.org\",\"@graph\":[{\"@type\":\"Article\",\"@id\":\"https:\\\/\\\/www.adosa.es\\\/blog\\\/vallado-opaco-de-panel-sandwich-en-mercat-abaceria-barcelona\\\/#article\",\"isPartOf\":{\"@id\":\"https:\\\/\\\/www.adosa.es\\\/blog\\\/vallado-opaco-de-panel-sandwich-en-mercat-abaceria-barcelona\\\/\"},\"author\":{\"name\":\"adosa\",\"@id\":\"https:\\\/\\\/www.adosa.es\\\/blog\\\/#\\\/schema\\\/person\\\/81eafc1325fbcc103884a7dfefe3802d\"},\"headline\":\"Vallado opaco de panel sandwich en Mercat Abaceria, Barcelona\",\"datePublished\":\"2023-11-16T06:36:24+00:00\",\"dateModified\":\"2023-11-16T06:42:29+00:00\",\"mainEntityOfPage\":{\"@id\":\"https:\\\/\\\/www.adosa.es\\\/blog\\\/vallado-opaco-de-panel-sandwich-en-mercat-abaceria-barcelona\\\/\"},\"wordCount\":331,\"publisher\":{\"@id\":\"https:\\\/\\\/www.adosa.es\\\/blog\\\/#organization\"},\"image\":{\"@id\":\"https:\\\/\\\/www.adosa.es\\\/blog\\\/vallado-opaco-de-panel-sandwich-en-mercat-abaceria-barcelona\\\/#primaryimage\"},\"thumbnailUrl\":\"https:\\\/\\\/www.adosa.es\\\/blog\\\/wp-content\\\/uploads\\\/2023\\\/11\\\/vallado-mercado-blog.jpg\",\"keywords\":[\"panel sandwich\",\"valla opaca\"],\"articleSection\":[\"Vallados\"],\"inLanguage\":\"es\"},{\"@type\":\"WebPage\",\"@id\":\"https:\\\/\\\/www.adosa.es\\\/blog\\\/vallado-opaco-de-panel-sandwich-en-mercat-abaceria-barcelona\\\/\",\"url\":\"https:\\\/\\\/www.adosa.es\\\/blog\\\/vallado-opaco-de-panel-sandwich-en-mercat-abaceria-barcelona\\\/\",\"name\":\"Vallado opaco de panel sandwich en Mercat Abaceria, Barcelona - ADO Blog\",\"isPartOf\":{\"@id\":\"https:\\\/\\\/www.adosa.es\\\/blog\\\/#website\"},\"primaryImageOfPage\":{\"@id\":\"https:\\\/\\\/www.adosa.es\\\/blog\\\/vallado-opaco-de-panel-sandwich-en-mercat-abaceria-barcelona\\\/#primaryimage\"},\"image\":{\"@id\":\"https:\\\/\\\/www.adosa.es\\\/blog\\\/vallado-opaco-de-panel-sandwich-en-mercat-abaceria-barcelona\\\/#primaryimage\"},\"thumbnailUrl\":\"https:\\\/\\\/www.adosa.es\\\/blog\\\/wp-content\\\/uploads\\\/2023\\\/11\\\/vallado-mercado-blog.jpg\",\"datePublished\":\"2023-11-16T06:36:24+00:00\",\"dateModified\":\"2023-11-16T06:42:29+00:00\",\"description\":\"En la reciente obra llevada a cabo en Mercat Abaceria se implement\u00f3 un innovador vallado panel sandwich en Barcelona.\",\"breadcrumb\":{\"@id\":\"https:\\\/\\\/www.adosa.es\\\/blog\\\/vallado-opaco-de-panel-sandwich-en-mercat-abaceria-barcelona\\\/#breadcrumb\"},\"inLanguage\":\"es\",\"potentialAction\":[{\"@type\":\"ReadAction\",\"target\":[\"https:\\\/\\\/www.adosa.es\\\/blog\\\/vallado-opaco-de-panel-sandwich-en-mercat-abaceria-barcelona\\\/\"]}]},{\"@type\":\"ImageObject\",\"inLanguage\":\"es\",\"@id\":\"https:\\\/\\\/www.adosa.es\\\/blog\\\/vallado-opaco-de-panel-sandwich-en-mercat-abaceria-barcelona\\\/#primaryimage\",\"url\":\"https:\\\/\\\/www.adosa.es\\\/blog\\\/wp-content\\\/uploads\\\/2023\\\/11\\\/vallado-mercado-blog.jpg\",\"contentUrl\":\"https:\\\/\\\/www.adosa.es\\\/blog\\\/wp-content\\\/uploads\\\/2023\\\/11\\\/vallado-mercado-blog.jpg\",\"width\":358,\"height\":320,\"caption\":\"vallado panel sandwich\"},{\"@type\":\"BreadcrumbList\",\"@id\":\"https:\\\/\\\/www.adosa.es\\\/blog\\\/vallado-opaco-de-panel-sandwich-en-mercat-abaceria-barcelona\\\/#breadcrumb\",\"itemListElement\":[{\"@type\":\"ListItem\",\"position\":1,\"name\":\"Portada\",\"item\":\"https:\\\/\\\/www.adosa.es\\\/blog\\\/\"},{\"@type\":\"ListItem\",\"position\":2,\"name\":\"Vallado opaco de panel sandwich en Mercat Abaceria, Barcelona\"}]},{\"@type\":\"WebSite\",\"@id\":\"https:\\\/\\\/www.adosa.es\\\/blog\\\/#website\",\"url\":\"https:\\\/\\\/www.adosa.es\\\/blog\\\/\",\"name\":\"ADO Blog\",\"description\":\"\",\"publisher\":{\"@id\":\"https:\\\/\\\/www.adosa.es\\\/blog\\\/#organization\"},\"alternateName\":\"Ado blog corporativo\",\"potentialAction\":[{\"@type\":\"SearchAction\",\"target\":{\"@type\":\"EntryPoint\",\"urlTemplate\":\"https:\\\/\\\/www.adosa.es\\\/blog\\\/?s={search_term_string}\"},\"query-input\":{\"@type\":\"PropertyValueSpecification\",\"valueRequired\":true,\"valueName\":\"search_term_string\"}}],\"inLanguage\":\"es\"},{\"@type\":\"Organization\",\"@id\":\"https:\\\/\\\/www.adosa.es\\\/blog\\\/#organization\",\"name\":\"ADO Blog\",\"url\":\"https:\\\/\\\/www.adosa.es\\\/blog\\\/\",\"logo\":{\"@type\":\"ImageObject\",\"inLanguage\":\"es\",\"@id\":\"https:\\\/\\\/www.adosa.es\\\/blog\\\/#\\\/schema\\\/logo\\\/image\\\/\",\"url\":\"https:\\\/\\\/www.adosa.es\\\/blog\\\/wp-content\\\/uploads\\\/2023\\\/10\\\/ado.png\",\"contentUrl\":\"https:\\\/\\\/www.adosa.es\\\/blog\\\/wp-content\\\/uploads\\\/2023\\\/10\\\/ado.png\",\"width\":193,\"height\":101,\"caption\":\"ADO Blog\"},\"image\":{\"@id\":\"https:\\\/\\\/www.adosa.es\\\/blog\\\/#\\\/schema\\\/logo\\\/image\\\/\"},\"sameAs\":[\"https:\\\/\\\/www.facebook.com\\\/adobcn1\\\/\",\"https:\\\/\\\/x.com\\\/Adobcn\",\"https:\\\/\\\/www.instagram.com\\\/ado_cerramientos_metalicos\\\/\",\"https:\\\/\\\/www.flickr.com\\\/photos\\\/adocerramientosmetalicos\",\"https:\\\/\\\/www.pinterest.es\\\/adocerramientos\\\/\",\"https:\\\/\\\/www.linkedin.com\\\/company\\\/2141531\\\/admin\\\/feed\\\/posts\\\/\",\"https:\\\/\\\/www.youtube.com\\\/user\\\/adosa2010\"]},{\"@type\":\"Person\",\"@id\":\"https:\\\/\\\/www.adosa.es\\\/blog\\\/#\\\/schema\\\/person\\\/81eafc1325fbcc103884a7dfefe3802d\",\"name\":\"adosa\",\"image\":{\"@type\":\"ImageObject\",\"inLanguage\":\"es\",\"@id\":\"https:\\\/\\\/secure.gravatar.com\\\/avatar\\\/d6d888f49f452edf67f2cba46f345d128154016f2e15749dd5b837e034803083?s=96&d=mm&r=g\",\"url\":\"https:\\\/\\\/secure.gravatar.com\\\/avatar\\\/d6d888f49f452edf67f2cba46f345d128154016f2e15749dd5b837e034803083?s=96&d=mm&r=g\",\"contentUrl\":\"https:\\\/\\\/secure.gravatar.com\\\/avatar\\\/d6d888f49f452edf67f2cba46f345d128154016f2e15749dd5b837e034803083?s=96&d=mm&r=g\",\"caption\":\"adosa\"},\"sameAs\":[\"https:\\\/\\\/www.adosa.es\\\/blog\"],\"url\":\"https:\\\/\\\/www.adosa.es\\\/blog\\\/author\\\/adosa\\\/\"}]}<\/script>\n<!-- \/ Yoast SEO plugin. -->","yoast_head_json":{"title":"Vallado opaco de panel sandwich en Mercat Abaceria, Barcelona - ADO Blog","description":"En la reciente obra llevada a cabo en Mercat Abaceria se implement\u00f3 un innovador vallado panel sandwich en Barcelona.","robots":{"index":"index","follow":"follow","max-snippet":"max-snippet:-1","max-image-preview":"max-image-preview:large","max-video-preview":"max-video-preview:-1"},"canonical":"https:\/\/www.adosa.es\/blog\/vallado-opaco-de-panel-sandwich-en-mercat-abaceria-barcelona\/","og_locale":"es_ES","og_type":"article","og_title":"Vallado opaco de panel sandwich en Mercat Abaceria, Barcelona - ADO Blog","og_description":"En la reciente obra llevada a cabo en Mercat Abaceria se implement\u00f3 un innovador vallado panel sandwich en Barcelona.","og_url":"https:\/\/www.adosa.es\/blog\/vallado-opaco-de-panel-sandwich-en-mercat-abaceria-barcelona\/","og_site_name":"ADO Blog","article_publisher":"https:\/\/www.facebook.com\/adobcn1\/","article_published_time":"2023-11-16T06:36:24+00:00","article_modified_time":"2023-11-16T06:42:29+00:00","og_image":[{"width":358,"height":320,"url":"https:\/\/www.adosa.es\/blog\/wp-content\/uploads\/2023\/11\/vallado-mercado-blog.jpg","type":"image\/jpeg"}],"author":"adosa","twitter_card":"summary_large_image","twitter_creator":"@Adobcn","twitter_site":"@Adobcn","twitter_misc":{"Escrito por":"adosa","Tiempo de lectura":"2 minutos"},"schema":{"@context":"https:\/\/schema.org","@graph":[{"@type":"Article","@id":"https:\/\/www.adosa.es\/blog\/vallado-opaco-de-panel-sandwich-en-mercat-abaceria-barcelona\/#article","isPartOf":{"@id":"https:\/\/www.adosa.es\/blog\/vallado-opaco-de-panel-sandwich-en-mercat-abaceria-barcelona\/"},"author":{"name":"adosa","@id":"https:\/\/www.adosa.es\/blog\/#\/schema\/person\/81eafc1325fbcc103884a7dfefe3802d"},"headline":"Vallado opaco de panel sandwich en Mercat Abaceria, Barcelona","datePublished":"2023-11-16T06:36:24+00:00","dateModified":"2023-11-16T06:42:29+00:00","mainEntityOfPage":{"@id":"https:\/\/www.adosa.es\/blog\/vallado-opaco-de-panel-sandwich-en-mercat-abaceria-barcelona\/"},"wordCount":331,"publisher":{"@id":"https:\/\/www.adosa.es\/blog\/#organization"},"image":{"@id":"https:\/\/www.adosa.es\/blog\/vallado-opaco-de-panel-sandwich-en-mercat-abaceria-barcelona\/#primaryimage"},"thumbnailUrl":"https:\/\/www.adosa.es\/blog\/wp-content\/uploads\/2023\/11\/vallado-mercado-blog.jpg","keywords":["panel sandwich","valla opaca"],"articleSection":["Vallados"],"inLanguage":"es"},{"@type":"WebPage","@id":"https:\/\/www.adosa.es\/blog\/vallado-opaco-de-panel-sandwich-en-mercat-abaceria-barcelona\/","url":"https:\/\/www.adosa.es\/blog\/vallado-opaco-de-panel-sandwich-en-mercat-abaceria-barcelona\/","name":"Vallado opaco de panel sandwich en Mercat Abaceria, Barcelona - ADO Blog","isPartOf":{"@id":"https:\/\/www.adosa.es\/blog\/#website"},"primaryImageOfPage":{"@id":"https:\/\/www.adosa.es\/blog\/vallado-opaco-de-panel-sandwich-en-mercat-abaceria-barcelona\/#primaryimage"},"image":{"@id":"https:\/\/www.adosa.es\/blog\/vallado-opaco-de-panel-sandwich-en-mercat-abaceria-barcelona\/#primaryimage"},"thumbnailUrl":"https:\/\/www.adosa.es\/blog\/wp-content\/uploads\/2023\/11\/vallado-mercado-blog.jpg","datePublished":"2023-11-16T06:36:24+00:00","dateModified":"2023-11-16T06:42:29+00:00","description":"En la reciente obra llevada a cabo en Mercat Abaceria se implement\u00f3 un innovador vallado panel sandwich en Barcelona.","breadcrumb":{"@id":"https:\/\/www.adosa.es\/blog\/vallado-opaco-de-panel-sandwich-en-mercat-abaceria-barcelona\/#breadcrumb"},"inLanguage":"es","potentialAction":[{"@type":"ReadAction","target":["https:\/\/www.adosa.es\/blog\/vallado-opaco-de-panel-sandwich-en-mercat-abaceria-barcelona\/"]}]},{"@type":"ImageObject","inLanguage":"es","@id":"https:\/\/www.adosa.es\/blog\/vallado-opaco-de-panel-sandwich-en-mercat-abaceria-barcelona\/#primaryimage","url":"https:\/\/www.adosa.es\/blog\/wp-content\/uploads\/2023\/11\/vallado-mercado-blog.jpg","contentUrl":"https:\/\/www.adosa.es\/blog\/wp-content\/uploads\/2023\/11\/vallado-mercado-blog.jpg","width":358,"height":320,"caption":"vallado panel sandwich"},{"@type":"BreadcrumbList","@id":"https:\/\/www.adosa.es\/blog\/vallado-opaco-de-panel-sandwich-en-mercat-abaceria-barcelona\/#breadcrumb","itemListElement":[{"@type":"ListItem","position":1,"name":"Portada","item":"https:\/\/www.adosa.es\/blog\/"},{"@type":"ListItem","position":2,"name":"Vallado opaco de panel sandwich en Mercat Abaceria, Barcelona"}]},{"@type":"WebSite","@id":"https:\/\/www.adosa.es\/blog\/#website","url":"https:\/\/www.adosa.es\/blog\/","name":"ADO Blog","description":"","publisher":{"@id":"https:\/\/www.adosa.es\/blog\/#organization"},"alternateName":"Ado blog corporativo","potentialAction":[{"@type":"SearchAction","target":{"@type":"EntryPoint","urlTemplate":"https:\/\/www.adosa.es\/blog\/?s={search_term_string}"},"query-input":{"@type":"PropertyValueSpecification","valueRequired":true,"valueName":"search_term_string"}}],"inLanguage":"es"},{"@type":"Organization","@id":"https:\/\/www.adosa.es\/blog\/#organization","name":"ADO Blog","url":"https:\/\/www.adosa.es\/blog\/","logo":{"@type":"ImageObject","inLanguage":"es","@id":"https:\/\/www.adosa.es\/blog\/#\/schema\/logo\/image\/","url":"https:\/\/www.adosa.es\/blog\/wp-content\/uploads\/2023\/10\/ado.png","contentUrl":"https:\/\/www.adosa.es\/blog\/wp-content\/uploads\/2023\/10\/ado.png","width":193,"height":101,"caption":"ADO Blog"},"image":{"@id":"https:\/\/www.adosa.es\/blog\/#\/schema\/logo\/image\/"},"sameAs":["https:\/\/www.facebook.com\/adobcn1\/","https:\/\/x.com\/Adobcn","https:\/\/www.instagram.com\/ado_cerramientos_metalicos\/","https:\/\/www.flickr.com\/photos\/adocerramientosmetalicos","https:\/\/www.pinterest.es\/adocerramientos\/","https:\/\/www.linkedin.com\/company\/2141531\/admin\/feed\/posts\/","https:\/\/www.youtube.com\/user\/adosa2010"]},{"@type":"Person","@id":"https:\/\/www.adosa.es\/blog\/#\/schema\/person\/81eafc1325fbcc103884a7dfefe3802d","name":"adosa","image":{"@type":"ImageObject","inLanguage":"es","@id":"https:\/\/secure.gravatar.com\/avatar\/d6d888f49f452edf67f2cba46f345d128154016f2e15749dd5b837e034803083?s=96&d=mm&r=g","url":"https:\/\/secure.gravatar.com\/avatar\/d6d888f49f452edf67f2cba46f345d128154016f2e15749dd5b837e034803083?s=96&d=mm&r=g","contentUrl":"https:\/\/secure.gravatar.com\/avatar\/d6d888f49f452edf67f2cba46f345d128154016f2e15749dd5b837e034803083?s=96&d=mm&r=g","caption":"adosa"},"sameAs":["https:\/\/www.adosa.es\/blog"],"url":"https:\/\/www.adosa.es\/blog\/author\/adosa\/"}]}},"_links":{"self":[{"href":"https:\/\/www.adosa.es\/blog\/wp-json\/wp\/v2\/posts\/6318","targetHints":{"allow":["GET"]}}],"collection":[{"href":"https:\/\/www.adosa.es\/blog\/wp-json\/wp\/v2\/posts"}],"about":[{"href":"https:\/\/www.adosa.es\/blog\/wp-json\/wp\/v2\/types\/post"}],"author":[{"embeddable":true,"href":"https:\/\/www.adosa.es\/blog\/wp-json\/wp\/v2\/users\/1"}],"replies":[{"embeddable":true,"href":"https:\/\/www.adosa.es\/blog\/wp-json\/wp\/v2\/comments?post=6318"}],"version-history":[{"count":3,"href":"https:\/\/www.adosa.es\/blog\/wp-json\/wp\/v2\/posts\/6318\/revisions"}],"predecessor-version":[{"id":6325,"href":"https:\/\/www.adosa.es\/blog\/wp-json\/wp\/v2\/posts\/6318\/revisions\/6325"}],"wp:featuredmedia":[{"embeddable":true,"href":"https:\/\/www.adosa.es\/blog\/wp-json\/wp\/v2\/media\/6323"}],"wp:attachment":[{"href":"https:\/\/www.adosa.es\/blog\/wp-json\/wp\/v2\/media?parent=6318"}],"wp:term":[{"taxonomy":"category","embeddable":true,"href":"https:\/\/www.adosa.es\/blog\/wp-json\/wp\/v2\/categories?post=6318"},{"taxonomy":"post_tag","embeddable":true,"href":"https:\/\/www.adosa.es\/blog\/wp-json\/wp\/v2\/tags?post=6318"}],"curies":[{"name":"wp","href":"https:\/\/api.w.org\/{rel}","templated":true}]}}