{"id":6170,"date":"2023-10-24T08:00:00","date_gmt":"2023-10-24T06:00:00","guid":{"rendered":"https:\/\/www.adosa.es\/blog\/?p=6170"},"modified":"2023-10-26T08:35:59","modified_gmt":"2023-10-26T06:35:59","slug":"expositores-de-acero-corten-a-medida-en-vallmora","status":"publish","type":"post","link":"https:\/\/www.adosa.es\/blog\/expositores-de-acero-corten-a-medida-en-vallmora\/","title":{"rendered":"Expositores de Acero Corten a Medida en Vallmora"},"content":{"rendered":"\n<h2 class=\"wp-block-heading\">En el coraz\u00f3n de Tei\u00e0 en Barcelona, un lugar donde la tradici\u00f3n vin\u00edcola se entrelaza con la historia romana, hemos dado un paso audaz hacia el pasado.\ud83c\udf47\ud83c\udfdb\ufe0f<\/h2>\n\n\n\n<p><\/p>\n\n\n\n<p>Nos complace anunciar la instalaci\u00f3n de expositores dise\u00f1ados a medida <strong><a href=\"https:\/\/www.adosa.es\/acero-corten\/acero-corten.html\">en acero corten<\/a> <\/strong>que permiten a los visitantes contemplar de cerca los yacimientos donde los romanos sol\u00edan elaborar vino. Estos expositores, fabricados en acero corten y cristal, son la \u00faltima adici\u00f3n al <strong><a href=\"https:\/\/www.vallmora.cat\/\">Centro Enotur\u00edstico y Arqueol\u00f3gico<\/a><\/strong> de Vallmora y prometen llevar a los amantes del vino en un viaje inolvidable a trav\u00e9s del tiempo.\ud83c\udf77\u23f3<\/p>\n\n\n\n<figure class=\"wp-block-image size-large\"><a href=\"https:\/\/www.adosa.es\/acero-corten\/acero-corten.html\"><img loading=\"lazy\" decoding=\"async\" width=\"1024\" height=\"1024\" src=\"https:\/\/www.adosa.es\/blog\/wp-content\/uploads\/2023\/10\/expositor-corten1-1024x1024.jpg\" alt=\"expositores acero corten\" class=\"wp-image-6171\" srcset=\"https:\/\/www.adosa.es\/blog\/wp-content\/uploads\/2023\/10\/expositor-corten1-1024x1024.jpg 1024w, https:\/\/www.adosa.es\/blog\/wp-content\/uploads\/2023\/10\/expositor-corten1-300x300.jpg 300w, https:\/\/www.adosa.es\/blog\/wp-content\/uploads\/2023\/10\/expositor-corten1-150x150.jpg 150w, https:\/\/www.adosa.es\/blog\/wp-content\/uploads\/2023\/10\/expositor-corten1-768x768.jpg 768w, https:\/\/www.adosa.es\/blog\/wp-content\/uploads\/2023\/10\/expositor-corten1.jpg 1080w\" sizes=\"auto, (max-width: 1024px) 100vw, 1024px\" \/><\/a><\/figure>\n\n\n\n<p><\/p>\n\n\n\n<p>La regi\u00f3n de Vallmora es rica en historia vin\u00edcola, con ra\u00edces que se remontan a la \u00e9poca de los romanos. Los romanos, apasionados por el vino, jugaron un papel fundamental en la producci\u00f3n y difusi\u00f3n de esta bebida en la zona. Nuestros expositores est\u00e1n estrat\u00e9gicamente ubicados en los yacimientos donde los romanos sol\u00edan elaborar vino, y te permitir\u00e1n sumergirte en esta fascinante historia.<\/p>\n\n\n\n<p>Los expositores han sido cuidadosamente dise\u00f1ados para preservar la autenticidad de los yacimientos y, al mismo tiempo, brindar una experiencia de visualizaci\u00f3n c\u00f3moda y segura. Fabricados en acero corten, estos expositores se integran perfectamente en el entorno natural, aportando una sensaci\u00f3n de durabilidad y un toque moderno a la experiencia.\ud83c\udfde\ufe0f\ud83c\udf77\ud83d\udcdc<\/p>\n\n\n\n<figure class=\"wp-block-gallery has-nested-images columns-default is-cropped wp-block-gallery-1 is-layout-flex wp-block-gallery-is-layout-flex\">\n<figure class=\"wp-block-image size-large\"><img loading=\"lazy\" decoding=\"async\" width=\"1024\" height=\"1024\" data-id=\"6173\" src=\"https:\/\/www.adosa.es\/blog\/wp-content\/uploads\/2023\/10\/expositor-corten2-1024x1024.jpg\" alt=\"expositores en acero corten teia\" class=\"wp-image-6173\" srcset=\"https:\/\/www.adosa.es\/blog\/wp-content\/uploads\/2023\/10\/expositor-corten2-1024x1024.jpg 1024w, https:\/\/www.adosa.es\/blog\/wp-content\/uploads\/2023\/10\/expositor-corten2-300x300.jpg 300w, https:\/\/www.adosa.es\/blog\/wp-content\/uploads\/2023\/10\/expositor-corten2-150x150.jpg 150w, https:\/\/www.adosa.es\/blog\/wp-content\/uploads\/2023\/10\/expositor-corten2-768x768.jpg 768w, https:\/\/www.adosa.es\/blog\/wp-content\/uploads\/2023\/10\/expositor-corten2.jpg 1080w\" sizes=\"auto, (max-width: 1024px) 100vw, 1024px\" \/><\/figure>\n\n\n\n<figure class=\"wp-block-image size-large\"><img loading=\"lazy\" decoding=\"async\" width=\"1024\" height=\"1024\" data-id=\"6172\" src=\"https:\/\/www.adosa.es\/blog\/wp-content\/uploads\/2023\/10\/expositor-corten3-1024x1024.jpg\" alt=\"expositores en acero corten barcelona Teia\" class=\"wp-image-6172\" srcset=\"https:\/\/www.adosa.es\/blog\/wp-content\/uploads\/2023\/10\/expositor-corten3-1024x1024.jpg 1024w, https:\/\/www.adosa.es\/blog\/wp-content\/uploads\/2023\/10\/expositor-corten3-300x300.jpg 300w, https:\/\/www.adosa.es\/blog\/wp-content\/uploads\/2023\/10\/expositor-corten3-150x150.jpg 150w, https:\/\/www.adosa.es\/blog\/wp-content\/uploads\/2023\/10\/expositor-corten3-768x768.jpg 768w, https:\/\/www.adosa.es\/blog\/wp-content\/uploads\/2023\/10\/expositor-corten3.jpg 1080w\" sizes=\"auto, (max-width: 1024px) 100vw, 1024px\" \/><\/figure>\n<\/figure>\n\n\n\n<p><\/p>\n\n\n\n<p>#Vallmora #HistoriaDelVino #Enoturismo #Arqueolog\u00eda #VinoRomano #Tei\u00e0 #Barcelona #Expositores #AceroCorten<\/p>\n","protected":false},"excerpt":{"rendered":"<p>En el coraz\u00f3n de Tei\u00e0 en Barcelona, un lugar donde la tradici\u00f3n vin\u00edcola se entrelaza con la historia romana, hemos dado un paso audaz hacia el pasado.\ud83c\udf47\ud83c\udfdb\ufe0f Nos complace anunciar la instalaci\u00f3n de expositores dise\u00f1ados a medida en acero corten que permiten a los visitantes contemplar de cerca los yacimientos donde los romanos sol\u00edan elaborar [&hellip;]<\/p>\n","protected":false},"author":1,"featured_media":6175,"comment_status":"closed","ping_status":"open","sticky":false,"template":"","format":"standard","meta":{"footnotes":""},"categories":[29,47],"tags":[129],"class_list":["post-6170","post","type-post","status-publish","format-standard","has-post-thumbnail","hentry","category-trabajos-especiales","category-cerrajeria","tag-acero-corten"],"yoast_head":"<!-- This site is optimized with the Yoast SEO plugin v27.5 - https:\/\/yoast.com\/product\/yoast-seo-wordpress\/ -->\n<title>Expositores de Acero Corten a Medida en Vallmora - ADO Blog<\/title>\n<meta name=\"description\" content=\"Instalaci\u00f3n de expositores dise\u00f1ados a medida en acero corten que permiten a los visitantes contemplar de cerca los yacimientos.\" \/>\n<meta name=\"robots\" content=\"index, follow, max-snippet:-1, max-image-preview:large, max-video-preview:-1\" \/>\n<link rel=\"canonical\" href=\"https:\/\/www.adosa.es\/blog\/expositores-de-acero-corten-a-medida-en-vallmora\/\" \/>\n<meta property=\"og:locale\" content=\"es_ES\" \/>\n<meta property=\"og:type\" content=\"article\" \/>\n<meta property=\"og:title\" content=\"Expositores de Acero Corten a Medida en Vallmora - ADO Blog\" \/>\n<meta property=\"og:description\" content=\"Instalaci\u00f3n de expositores dise\u00f1ados a medida en acero corten que permiten a los visitantes contemplar de cerca los yacimientos.\" \/>\n<meta property=\"og:url\" content=\"https:\/\/www.adosa.es\/blog\/expositores-de-acero-corten-a-medida-en-vallmora\/\" \/>\n<meta property=\"og:site_name\" content=\"ADO Blog\" \/>\n<meta property=\"article:publisher\" content=\"https:\/\/www.facebook.com\/adobcn1\/\" \/>\n<meta property=\"article:published_time\" content=\"2023-10-24T06:00:00+00:00\" \/>\n<meta property=\"article:modified_time\" content=\"2023-10-26T06:35:59+00:00\" \/>\n<meta property=\"og:image\" content=\"https:\/\/www.adosa.es\/blog\/wp-content\/uploads\/2023\/10\/expositor-corten-thumb.jpg\" \/>\n\t<meta property=\"og:image:width\" content=\"361\" \/>\n\t<meta property=\"og:image:height\" content=\"320\" \/>\n\t<meta property=\"og:image:type\" content=\"image\/jpeg\" \/>\n<meta name=\"author\" content=\"adosa\" \/>\n<meta name=\"twitter:card\" content=\"summary_large_image\" \/>\n<meta name=\"twitter:creator\" content=\"@Adobcn\" \/>\n<meta name=\"twitter:site\" content=\"@Adobcn\" \/>\n<meta name=\"twitter:label1\" content=\"Escrito por\" \/>\n\t<meta name=\"twitter:data1\" content=\"adosa\" \/>\n\t<meta name=\"twitter:label2\" content=\"Tiempo de lectura\" \/>\n\t<meta name=\"twitter:data2\" content=\"2 minutos\" \/>\n<script type=\"application\/ld+json\" class=\"yoast-schema-graph\">{\"@context\":\"https:\\\/\\\/schema.org\",\"@graph\":[{\"@type\":\"Article\",\"@id\":\"https:\\\/\\\/www.adosa.es\\\/blog\\\/expositores-de-acero-corten-a-medida-en-vallmora\\\/#article\",\"isPartOf\":{\"@id\":\"https:\\\/\\\/www.adosa.es\\\/blog\\\/expositores-de-acero-corten-a-medida-en-vallmora\\\/\"},\"author\":{\"name\":\"adosa\",\"@id\":\"https:\\\/\\\/www.adosa.es\\\/blog\\\/#\\\/schema\\\/person\\\/81eafc1325fbcc103884a7dfefe3802d\"},\"headline\":\"Expositores de Acero Corten a Medida en Vallmora\",\"datePublished\":\"2023-10-24T06:00:00+00:00\",\"dateModified\":\"2023-10-26T06:35:59+00:00\",\"mainEntityOfPage\":{\"@id\":\"https:\\\/\\\/www.adosa.es\\\/blog\\\/expositores-de-acero-corten-a-medida-en-vallmora\\\/\"},\"wordCount\":245,\"publisher\":{\"@id\":\"https:\\\/\\\/www.adosa.es\\\/blog\\\/#organization\"},\"image\":{\"@id\":\"https:\\\/\\\/www.adosa.es\\\/blog\\\/expositores-de-acero-corten-a-medida-en-vallmora\\\/#primaryimage\"},\"thumbnailUrl\":\"https:\\\/\\\/www.adosa.es\\\/blog\\\/wp-content\\\/uploads\\\/2023\\\/10\\\/expositor-corten-thumb.jpg\",\"keywords\":[\"acero corten\"],\"articleSection\":[\"Trabajos especiales\",\"Cerrajer\u00eda\"],\"inLanguage\":\"es\"},{\"@type\":\"WebPage\",\"@id\":\"https:\\\/\\\/www.adosa.es\\\/blog\\\/expositores-de-acero-corten-a-medida-en-vallmora\\\/\",\"url\":\"https:\\\/\\\/www.adosa.es\\\/blog\\\/expositores-de-acero-corten-a-medida-en-vallmora\\\/\",\"name\":\"Expositores de Acero Corten a Medida en Vallmora - ADO Blog\",\"isPartOf\":{\"@id\":\"https:\\\/\\\/www.adosa.es\\\/blog\\\/#website\"},\"primaryImageOfPage\":{\"@id\":\"https:\\\/\\\/www.adosa.es\\\/blog\\\/expositores-de-acero-corten-a-medida-en-vallmora\\\/#primaryimage\"},\"image\":{\"@id\":\"https:\\\/\\\/www.adosa.es\\\/blog\\\/expositores-de-acero-corten-a-medida-en-vallmora\\\/#primaryimage\"},\"thumbnailUrl\":\"https:\\\/\\\/www.adosa.es\\\/blog\\\/wp-content\\\/uploads\\\/2023\\\/10\\\/expositor-corten-thumb.jpg\",\"datePublished\":\"2023-10-24T06:00:00+00:00\",\"dateModified\":\"2023-10-26T06:35:59+00:00\",\"description\":\"Instalaci\u00f3n de expositores dise\u00f1ados a medida en acero corten que permiten a los visitantes contemplar de cerca los yacimientos.\",\"breadcrumb\":{\"@id\":\"https:\\\/\\\/www.adosa.es\\\/blog\\\/expositores-de-acero-corten-a-medida-en-vallmora\\\/#breadcrumb\"},\"inLanguage\":\"es\",\"potentialAction\":[{\"@type\":\"ReadAction\",\"target\":[\"https:\\\/\\\/www.adosa.es\\\/blog\\\/expositores-de-acero-corten-a-medida-en-vallmora\\\/\"]}]},{\"@type\":\"ImageObject\",\"inLanguage\":\"es\",\"@id\":\"https:\\\/\\\/www.adosa.es\\\/blog\\\/expositores-de-acero-corten-a-medida-en-vallmora\\\/#primaryimage\",\"url\":\"https:\\\/\\\/www.adosa.es\\\/blog\\\/wp-content\\\/uploads\\\/2023\\\/10\\\/expositor-corten-thumb.jpg\",\"contentUrl\":\"https:\\\/\\\/www.adosa.es\\\/blog\\\/wp-content\\\/uploads\\\/2023\\\/10\\\/expositor-corten-thumb.jpg\",\"width\":361,\"height\":320},{\"@type\":\"BreadcrumbList\",\"@id\":\"https:\\\/\\\/www.adosa.es\\\/blog\\\/expositores-de-acero-corten-a-medida-en-vallmora\\\/#breadcrumb\",\"itemListElement\":[{\"@type\":\"ListItem\",\"position\":1,\"name\":\"Portada\",\"item\":\"https:\\\/\\\/www.adosa.es\\\/blog\\\/\"},{\"@type\":\"ListItem\",\"position\":2,\"name\":\"Expositores de Acero Corten a Medida en Vallmora\"}]},{\"@type\":\"WebSite\",\"@id\":\"https:\\\/\\\/www.adosa.es\\\/blog\\\/#website\",\"url\":\"https:\\\/\\\/www.adosa.es\\\/blog\\\/\",\"name\":\"ADO Blog\",\"description\":\"\",\"publisher\":{\"@id\":\"https:\\\/\\\/www.adosa.es\\\/blog\\\/#organization\"},\"alternateName\":\"Ado blog corporativo\",\"potentialAction\":[{\"@type\":\"SearchAction\",\"target\":{\"@type\":\"EntryPoint\",\"urlTemplate\":\"https:\\\/\\\/www.adosa.es\\\/blog\\\/?s={search_term_string}\"},\"query-input\":{\"@type\":\"PropertyValueSpecification\",\"valueRequired\":true,\"valueName\":\"search_term_string\"}}],\"inLanguage\":\"es\"},{\"@type\":\"Organization\",\"@id\":\"https:\\\/\\\/www.adosa.es\\\/blog\\\/#organization\",\"name\":\"ADO Blog\",\"url\":\"https:\\\/\\\/www.adosa.es\\\/blog\\\/\",\"logo\":{\"@type\":\"ImageObject\",\"inLanguage\":\"es\",\"@id\":\"https:\\\/\\\/www.adosa.es\\\/blog\\\/#\\\/schema\\\/logo\\\/image\\\/\",\"url\":\"https:\\\/\\\/www.adosa.es\\\/blog\\\/wp-content\\\/uploads\\\/2023\\\/10\\\/ado.png\",\"contentUrl\":\"https:\\\/\\\/www.adosa.es\\\/blog\\\/wp-content\\\/uploads\\\/2023\\\/10\\\/ado.png\",\"width\":193,\"height\":101,\"caption\":\"ADO Blog\"},\"image\":{\"@id\":\"https:\\\/\\\/www.adosa.es\\\/blog\\\/#\\\/schema\\\/logo\\\/image\\\/\"},\"sameAs\":[\"https:\\\/\\\/www.facebook.com\\\/adobcn1\\\/\",\"https:\\\/\\\/x.com\\\/Adobcn\",\"https:\\\/\\\/www.instagram.com\\\/ado_cerramientos_metalicos\\\/\",\"https:\\\/\\\/www.flickr.com\\\/photos\\\/adocerramientosmetalicos\",\"https:\\\/\\\/www.pinterest.es\\\/adocerramientos\\\/\",\"https:\\\/\\\/www.linkedin.com\\\/company\\\/2141531\\\/admin\\\/feed\\\/posts\\\/\",\"https:\\\/\\\/www.youtube.com\\\/user\\\/adosa2010\"]},{\"@type\":\"Person\",\"@id\":\"https:\\\/\\\/www.adosa.es\\\/blog\\\/#\\\/schema\\\/person\\\/81eafc1325fbcc103884a7dfefe3802d\",\"name\":\"adosa\",\"image\":{\"@type\":\"ImageObject\",\"inLanguage\":\"es\",\"@id\":\"https:\\\/\\\/secure.gravatar.com\\\/avatar\\\/d6d888f49f452edf67f2cba46f345d128154016f2e15749dd5b837e034803083?s=96&d=mm&r=g\",\"url\":\"https:\\\/\\\/secure.gravatar.com\\\/avatar\\\/d6d888f49f452edf67f2cba46f345d128154016f2e15749dd5b837e034803083?s=96&d=mm&r=g\",\"contentUrl\":\"https:\\\/\\\/secure.gravatar.com\\\/avatar\\\/d6d888f49f452edf67f2cba46f345d128154016f2e15749dd5b837e034803083?s=96&d=mm&r=g\",\"caption\":\"adosa\"},\"sameAs\":[\"https:\\\/\\\/www.adosa.es\\\/blog\"],\"url\":\"https:\\\/\\\/www.adosa.es\\\/blog\\\/author\\\/adosa\\\/\"}]}<\/script>\n<!-- \/ Yoast SEO plugin. -->","yoast_head_json":{"title":"Expositores de Acero Corten a Medida en Vallmora - ADO Blog","description":"Instalaci\u00f3n de expositores dise\u00f1ados a medida en acero corten que permiten a los visitantes contemplar de cerca los yacimientos.","robots":{"index":"index","follow":"follow","max-snippet":"max-snippet:-1","max-image-preview":"max-image-preview:large","max-video-preview":"max-video-preview:-1"},"canonical":"https:\/\/www.adosa.es\/blog\/expositores-de-acero-corten-a-medida-en-vallmora\/","og_locale":"es_ES","og_type":"article","og_title":"Expositores de Acero Corten a Medida en Vallmora - ADO Blog","og_description":"Instalaci\u00f3n de expositores dise\u00f1ados a medida en acero corten que permiten a los visitantes contemplar de cerca los yacimientos.","og_url":"https:\/\/www.adosa.es\/blog\/expositores-de-acero-corten-a-medida-en-vallmora\/","og_site_name":"ADO Blog","article_publisher":"https:\/\/www.facebook.com\/adobcn1\/","article_published_time":"2023-10-24T06:00:00+00:00","article_modified_time":"2023-10-26T06:35:59+00:00","og_image":[{"width":361,"height":320,"url":"https:\/\/www.adosa.es\/blog\/wp-content\/uploads\/2023\/10\/expositor-corten-thumb.jpg","type":"image\/jpeg"}],"author":"adosa","twitter_card":"summary_large_image","twitter_creator":"@Adobcn","twitter_site":"@Adobcn","twitter_misc":{"Escrito por":"adosa","Tiempo de lectura":"2 minutos"},"schema":{"@context":"https:\/\/schema.org","@graph":[{"@type":"Article","@id":"https:\/\/www.adosa.es\/blog\/expositores-de-acero-corten-a-medida-en-vallmora\/#article","isPartOf":{"@id":"https:\/\/www.adosa.es\/blog\/expositores-de-acero-corten-a-medida-en-vallmora\/"},"author":{"name":"adosa","@id":"https:\/\/www.adosa.es\/blog\/#\/schema\/person\/81eafc1325fbcc103884a7dfefe3802d"},"headline":"Expositores de Acero Corten a Medida en Vallmora","datePublished":"2023-10-24T06:00:00+00:00","dateModified":"2023-10-26T06:35:59+00:00","mainEntityOfPage":{"@id":"https:\/\/www.adosa.es\/blog\/expositores-de-acero-corten-a-medida-en-vallmora\/"},"wordCount":245,"publisher":{"@id":"https:\/\/www.adosa.es\/blog\/#organization"},"image":{"@id":"https:\/\/www.adosa.es\/blog\/expositores-de-acero-corten-a-medida-en-vallmora\/#primaryimage"},"thumbnailUrl":"https:\/\/www.adosa.es\/blog\/wp-content\/uploads\/2023\/10\/expositor-corten-thumb.jpg","keywords":["acero corten"],"articleSection":["Trabajos especiales","Cerrajer\u00eda"],"inLanguage":"es"},{"@type":"WebPage","@id":"https:\/\/www.adosa.es\/blog\/expositores-de-acero-corten-a-medida-en-vallmora\/","url":"https:\/\/www.adosa.es\/blog\/expositores-de-acero-corten-a-medida-en-vallmora\/","name":"Expositores de Acero Corten a Medida en Vallmora - ADO Blog","isPartOf":{"@id":"https:\/\/www.adosa.es\/blog\/#website"},"primaryImageOfPage":{"@id":"https:\/\/www.adosa.es\/blog\/expositores-de-acero-corten-a-medida-en-vallmora\/#primaryimage"},"image":{"@id":"https:\/\/www.adosa.es\/blog\/expositores-de-acero-corten-a-medida-en-vallmora\/#primaryimage"},"thumbnailUrl":"https:\/\/www.adosa.es\/blog\/wp-content\/uploads\/2023\/10\/expositor-corten-thumb.jpg","datePublished":"2023-10-24T06:00:00+00:00","dateModified":"2023-10-26T06:35:59+00:00","description":"Instalaci\u00f3n de expositores dise\u00f1ados a medida en acero corten que permiten a los visitantes contemplar de cerca los yacimientos.","breadcrumb":{"@id":"https:\/\/www.adosa.es\/blog\/expositores-de-acero-corten-a-medida-en-vallmora\/#breadcrumb"},"inLanguage":"es","potentialAction":[{"@type":"ReadAction","target":["https:\/\/www.adosa.es\/blog\/expositores-de-acero-corten-a-medida-en-vallmora\/"]}]},{"@type":"ImageObject","inLanguage":"es","@id":"https:\/\/www.adosa.es\/blog\/expositores-de-acero-corten-a-medida-en-vallmora\/#primaryimage","url":"https:\/\/www.adosa.es\/blog\/wp-content\/uploads\/2023\/10\/expositor-corten-thumb.jpg","contentUrl":"https:\/\/www.adosa.es\/blog\/wp-content\/uploads\/2023\/10\/expositor-corten-thumb.jpg","width":361,"height":320},{"@type":"BreadcrumbList","@id":"https:\/\/www.adosa.es\/blog\/expositores-de-acero-corten-a-medida-en-vallmora\/#breadcrumb","itemListElement":[{"@type":"ListItem","position":1,"name":"Portada","item":"https:\/\/www.adosa.es\/blog\/"},{"@type":"ListItem","position":2,"name":"Expositores de Acero Corten a Medida en Vallmora"}]},{"@type":"WebSite","@id":"https:\/\/www.adosa.es\/blog\/#website","url":"https:\/\/www.adosa.es\/blog\/","name":"ADO Blog","description":"","publisher":{"@id":"https:\/\/www.adosa.es\/blog\/#organization"},"alternateName":"Ado blog corporativo","potentialAction":[{"@type":"SearchAction","target":{"@type":"EntryPoint","urlTemplate":"https:\/\/www.adosa.es\/blog\/?s={search_term_string}"},"query-input":{"@type":"PropertyValueSpecification","valueRequired":true,"valueName":"search_term_string"}}],"inLanguage":"es"},{"@type":"Organization","@id":"https:\/\/www.adosa.es\/blog\/#organization","name":"ADO Blog","url":"https:\/\/www.adosa.es\/blog\/","logo":{"@type":"ImageObject","inLanguage":"es","@id":"https:\/\/www.adosa.es\/blog\/#\/schema\/logo\/image\/","url":"https:\/\/www.adosa.es\/blog\/wp-content\/uploads\/2023\/10\/ado.png","contentUrl":"https:\/\/www.adosa.es\/blog\/wp-content\/uploads\/2023\/10\/ado.png","width":193,"height":101,"caption":"ADO Blog"},"image":{"@id":"https:\/\/www.adosa.es\/blog\/#\/schema\/logo\/image\/"},"sameAs":["https:\/\/www.facebook.com\/adobcn1\/","https:\/\/x.com\/Adobcn","https:\/\/www.instagram.com\/ado_cerramientos_metalicos\/","https:\/\/www.flickr.com\/photos\/adocerramientosmetalicos","https:\/\/www.pinterest.es\/adocerramientos\/","https:\/\/www.linkedin.com\/company\/2141531\/admin\/feed\/posts\/","https:\/\/www.youtube.com\/user\/adosa2010"]},{"@type":"Person","@id":"https:\/\/www.adosa.es\/blog\/#\/schema\/person\/81eafc1325fbcc103884a7dfefe3802d","name":"adosa","image":{"@type":"ImageObject","inLanguage":"es","@id":"https:\/\/secure.gravatar.com\/avatar\/d6d888f49f452edf67f2cba46f345d128154016f2e15749dd5b837e034803083?s=96&d=mm&r=g","url":"https:\/\/secure.gravatar.com\/avatar\/d6d888f49f452edf67f2cba46f345d128154016f2e15749dd5b837e034803083?s=96&d=mm&r=g","contentUrl":"https:\/\/secure.gravatar.com\/avatar\/d6d888f49f452edf67f2cba46f345d128154016f2e15749dd5b837e034803083?s=96&d=mm&r=g","caption":"adosa"},"sameAs":["https:\/\/www.adosa.es\/blog"],"url":"https:\/\/www.adosa.es\/blog\/author\/adosa\/"}]}},"_links":{"self":[{"href":"https:\/\/www.adosa.es\/blog\/wp-json\/wp\/v2\/posts\/6170","targetHints":{"allow":["GET"]}}],"collection":[{"href":"https:\/\/www.adosa.es\/blog\/wp-json\/wp\/v2\/posts"}],"about":[{"href":"https:\/\/www.adosa.es\/blog\/wp-json\/wp\/v2\/types\/post"}],"author":[{"embeddable":true,"href":"https:\/\/www.adosa.es\/blog\/wp-json\/wp\/v2\/users\/1"}],"replies":[{"embeddable":true,"href":"https:\/\/www.adosa.es\/blog\/wp-json\/wp\/v2\/comments?post=6170"}],"version-history":[{"count":3,"href":"https:\/\/www.adosa.es\/blog\/wp-json\/wp\/v2\/posts\/6170\/revisions"}],"predecessor-version":[{"id":6179,"href":"https:\/\/www.adosa.es\/blog\/wp-json\/wp\/v2\/posts\/6170\/revisions\/6179"}],"wp:featuredmedia":[{"embeddable":true,"href":"https:\/\/www.adosa.es\/blog\/wp-json\/wp\/v2\/media\/6175"}],"wp:attachment":[{"href":"https:\/\/www.adosa.es\/blog\/wp-json\/wp\/v2\/media?parent=6170"}],"wp:term":[{"taxonomy":"category","embeddable":true,"href":"https:\/\/www.adosa.es\/blog\/wp-json\/wp\/v2\/categories?post=6170"},{"taxonomy":"post_tag","embeddable":true,"href":"https:\/\/www.adosa.es\/blog\/wp-json\/wp\/v2\/tags?post=6170"}],"curies":[{"name":"wp","href":"https:\/\/api.w.org\/{rel}","templated":true}]}}