{"id":4623,"date":"2021-08-16T14:00:59","date_gmt":"2021-08-16T12:00:59","guid":{"rendered":"https:\/\/www.adosa.es\/blog\/?p=4623"},"modified":"2023-11-24T14:51:20","modified_gmt":"2023-11-24T13:51:20","slug":"bancos-lgtbi-concello-de-curtis","status":"publish","type":"post","link":"https:\/\/www.adosa.es\/blog\/bancos-lgtbi-concello-de-curtis\/","title":{"rendered":"Bancos LGTBI Concello de Curtis"},"content":{"rendered":"\n<p>Bancos modelo Loa con listones de madera pintados con los colores del arco\u00edris para conmemorar el d\u00eda del Orgullo LGTBI en el Concello de Curtis (La Coru\u00f1a).<\/p>\n\n\n\n<figure class=\"wp-block-gallery has-nested-images columns-default is-cropped wp-block-gallery-1 is-layout-flex wp-block-gallery-is-layout-flex\">\n<figure class=\"wp-block-image size-large\"><img loading=\"lazy\" decoding=\"async\" width=\"1024\" height=\"819\" data-id=\"4624\" src=\"https:\/\/www.adosa.es\/blog\/wp-content\/uploads\/2021\/08\/IMG-20210708-WA0035-1024x819.jpg\" alt=\"bancos loa arco\u00edris\" class=\"wp-image-4624\" title=\"bancos loa arco\u00edris\" srcset=\"https:\/\/www.adosa.es\/blog\/wp-content\/uploads\/2021\/08\/IMG-20210708-WA0035-1024x819.jpg 1024w, https:\/\/www.adosa.es\/blog\/wp-content\/uploads\/2021\/08\/IMG-20210708-WA0035-300x240.jpg 300w, https:\/\/www.adosa.es\/blog\/wp-content\/uploads\/2021\/08\/IMG-20210708-WA0035-768x614.jpg 768w, https:\/\/www.adosa.es\/blog\/wp-content\/uploads\/2021\/08\/IMG-20210708-WA0035.jpg 1350w\" sizes=\"auto, (max-width: 1024px) 100vw, 1024px\" \/><\/figure>\n<\/figure>\n\n\n\n<p><\/p>\n\n\n\n<p><a href=\"https:\/\/www.adosa.es\/mobiliario-urbano-banco-loa.html\">M\u00e1s informaci\u00f3n sobre bancos Loa<\/a><\/p>\n","protected":false},"excerpt":{"rendered":"<p>Bancos modelo Loa con listones de madera pintados con los colores del arco\u00edris para conmemorar el d\u00eda del Orgullo LGTBI en el Concello de Curtis (La Coru\u00f1a). M\u00e1s informaci\u00f3n sobre bancos Loa<\/p>\n","protected":false},"author":1,"featured_media":0,"comment_status":"closed","ping_status":"closed","sticky":false,"template":"","format":"standard","meta":{"footnotes":""},"categories":[3,78],"tags":[215,487,646],"class_list":["post-4623","post","type-post","status-publish","format-standard","hentry","category-mobiliario-urbano","category-bancos-urbanos-mobiliario-urbano-ado","tag-mobiliario-urbano","tag-modelo-loa","tag-lgtbi"],"yoast_head":"<!-- This site is optimized with the Yoast SEO plugin v27.5 - https:\/\/yoast.com\/product\/yoast-seo-wordpress\/ -->\n<title>Bancos LGTBI Concello de Curtis - ADO Blog<\/title>\n<meta name=\"description\" content=\"Bancos modelo Loa con listones de madera pintados para conmemorar el d\u00eda del Orgullo LGTBI en el Concello de Curtis (La Coru\u00f1a).\" \/>\n<meta name=\"robots\" content=\"index, follow, max-snippet:-1, max-image-preview:large, max-video-preview:-1\" \/>\n<link rel=\"canonical\" href=\"https:\/\/www.adosa.es\/blog\/bancos-lgtbi-concello-de-curtis\/\" \/>\n<meta property=\"og:locale\" content=\"es_ES\" \/>\n<meta property=\"og:type\" content=\"article\" \/>\n<meta property=\"og:title\" content=\"Bancos LGTBI Concello de Curtis - ADO Blog\" \/>\n<meta property=\"og:description\" content=\"Bancos modelo Loa con listones de madera pintados para conmemorar el d\u00eda del Orgullo LGTBI en el Concello de Curtis (La Coru\u00f1a).\" \/>\n<meta property=\"og:url\" content=\"https:\/\/www.adosa.es\/blog\/bancos-lgtbi-concello-de-curtis\/\" \/>\n<meta property=\"og:site_name\" content=\"ADO Blog\" \/>\n<meta property=\"article:publisher\" content=\"https:\/\/www.facebook.com\/adobcn1\/\" \/>\n<meta property=\"article:published_time\" content=\"2021-08-16T12:00:59+00:00\" \/>\n<meta property=\"article:modified_time\" content=\"2023-11-24T13:51:20+00:00\" \/>\n<meta property=\"og:image\" content=\"https:\/\/www.adosa.es\/blog\/wp-content\/uploads\/2021\/08\/IMG-20210708-WA0035-1024x819.jpg\" \/>\n<meta name=\"author\" content=\"adosa\" \/>\n<meta name=\"twitter:card\" content=\"summary_large_image\" \/>\n<meta name=\"twitter:creator\" content=\"@Adobcn\" \/>\n<meta name=\"twitter:site\" content=\"@Adobcn\" \/>\n<meta name=\"twitter:label1\" content=\"Escrito por\" \/>\n\t<meta name=\"twitter:data1\" content=\"adosa\" \/>\n\t<meta name=\"twitter:label2\" content=\"Tiempo de lectura\" \/>\n\t<meta name=\"twitter:data2\" content=\"1 minuto\" \/>\n<script type=\"application\/ld+json\" class=\"yoast-schema-graph\">{\"@context\":\"https:\\\/\\\/schema.org\",\"@graph\":[{\"@type\":\"Article\",\"@id\":\"https:\\\/\\\/www.adosa.es\\\/blog\\\/bancos-lgtbi-concello-de-curtis\\\/#article\",\"isPartOf\":{\"@id\":\"https:\\\/\\\/www.adosa.es\\\/blog\\\/bancos-lgtbi-concello-de-curtis\\\/\"},\"author\":{\"name\":\"adosa\",\"@id\":\"https:\\\/\\\/www.adosa.es\\\/blog\\\/#\\\/schema\\\/person\\\/81eafc1325fbcc103884a7dfefe3802d\"},\"headline\":\"Bancos LGTBI Concello de Curtis\",\"datePublished\":\"2021-08-16T12:00:59+00:00\",\"dateModified\":\"2023-11-24T13:51:20+00:00\",\"mainEntityOfPage\":{\"@id\":\"https:\\\/\\\/www.adosa.es\\\/blog\\\/bancos-lgtbi-concello-de-curtis\\\/\"},\"wordCount\":42,\"publisher\":{\"@id\":\"https:\\\/\\\/www.adosa.es\\\/blog\\\/#organization\"},\"image\":{\"@id\":\"https:\\\/\\\/www.adosa.es\\\/blog\\\/bancos-lgtbi-concello-de-curtis\\\/#primaryimage\"},\"thumbnailUrl\":\"https:\\\/\\\/www.adosa.es\\\/blog\\\/wp-content\\\/uploads\\\/2021\\\/08\\\/IMG-20210708-WA0035-1024x819.jpg\",\"keywords\":[\"mobiliario urbano\",\"modelo loa\",\"lgtbi\"],\"articleSection\":[\"Mobiliario Urbano\",\"Bancos urbanos\"],\"inLanguage\":\"es\"},{\"@type\":\"WebPage\",\"@id\":\"https:\\\/\\\/www.adosa.es\\\/blog\\\/bancos-lgtbi-concello-de-curtis\\\/\",\"url\":\"https:\\\/\\\/www.adosa.es\\\/blog\\\/bancos-lgtbi-concello-de-curtis\\\/\",\"name\":\"Bancos LGTBI Concello de Curtis - ADO Blog\",\"isPartOf\":{\"@id\":\"https:\\\/\\\/www.adosa.es\\\/blog\\\/#website\"},\"primaryImageOfPage\":{\"@id\":\"https:\\\/\\\/www.adosa.es\\\/blog\\\/bancos-lgtbi-concello-de-curtis\\\/#primaryimage\"},\"image\":{\"@id\":\"https:\\\/\\\/www.adosa.es\\\/blog\\\/bancos-lgtbi-concello-de-curtis\\\/#primaryimage\"},\"thumbnailUrl\":\"https:\\\/\\\/www.adosa.es\\\/blog\\\/wp-content\\\/uploads\\\/2021\\\/08\\\/IMG-20210708-WA0035-1024x819.jpg\",\"datePublished\":\"2021-08-16T12:00:59+00:00\",\"dateModified\":\"2023-11-24T13:51:20+00:00\",\"description\":\"Bancos modelo Loa con listones de madera pintados para conmemorar el d\u00eda del Orgullo LGTBI en el Concello de Curtis (La Coru\u00f1a).\",\"breadcrumb\":{\"@id\":\"https:\\\/\\\/www.adosa.es\\\/blog\\\/bancos-lgtbi-concello-de-curtis\\\/#breadcrumb\"},\"inLanguage\":\"es\",\"potentialAction\":[{\"@type\":\"ReadAction\",\"target\":[\"https:\\\/\\\/www.adosa.es\\\/blog\\\/bancos-lgtbi-concello-de-curtis\\\/\"]}]},{\"@type\":\"ImageObject\",\"inLanguage\":\"es\",\"@id\":\"https:\\\/\\\/www.adosa.es\\\/blog\\\/bancos-lgtbi-concello-de-curtis\\\/#primaryimage\",\"url\":\"https:\\\/\\\/www.adosa.es\\\/blog\\\/wp-content\\\/uploads\\\/2021\\\/08\\\/IMG-20210708-WA0035.jpg\",\"contentUrl\":\"https:\\\/\\\/www.adosa.es\\\/blog\\\/wp-content\\\/uploads\\\/2021\\\/08\\\/IMG-20210708-WA0035.jpg\",\"width\":1350,\"height\":1080},{\"@type\":\"BreadcrumbList\",\"@id\":\"https:\\\/\\\/www.adosa.es\\\/blog\\\/bancos-lgtbi-concello-de-curtis\\\/#breadcrumb\",\"itemListElement\":[{\"@type\":\"ListItem\",\"position\":1,\"name\":\"Portada\",\"item\":\"https:\\\/\\\/www.adosa.es\\\/blog\\\/\"},{\"@type\":\"ListItem\",\"position\":2,\"name\":\"Bancos LGTBI Concello de Curtis\"}]},{\"@type\":\"WebSite\",\"@id\":\"https:\\\/\\\/www.adosa.es\\\/blog\\\/#website\",\"url\":\"https:\\\/\\\/www.adosa.es\\\/blog\\\/\",\"name\":\"ADO Blog\",\"description\":\"\",\"publisher\":{\"@id\":\"https:\\\/\\\/www.adosa.es\\\/blog\\\/#organization\"},\"alternateName\":\"Ado blog corporativo\",\"potentialAction\":[{\"@type\":\"SearchAction\",\"target\":{\"@type\":\"EntryPoint\",\"urlTemplate\":\"https:\\\/\\\/www.adosa.es\\\/blog\\\/?s={search_term_string}\"},\"query-input\":{\"@type\":\"PropertyValueSpecification\",\"valueRequired\":true,\"valueName\":\"search_term_string\"}}],\"inLanguage\":\"es\"},{\"@type\":\"Organization\",\"@id\":\"https:\\\/\\\/www.adosa.es\\\/blog\\\/#organization\",\"name\":\"ADO Blog\",\"url\":\"https:\\\/\\\/www.adosa.es\\\/blog\\\/\",\"logo\":{\"@type\":\"ImageObject\",\"inLanguage\":\"es\",\"@id\":\"https:\\\/\\\/www.adosa.es\\\/blog\\\/#\\\/schema\\\/logo\\\/image\\\/\",\"url\":\"https:\\\/\\\/www.adosa.es\\\/blog\\\/wp-content\\\/uploads\\\/2023\\\/10\\\/ado.png\",\"contentUrl\":\"https:\\\/\\\/www.adosa.es\\\/blog\\\/wp-content\\\/uploads\\\/2023\\\/10\\\/ado.png\",\"width\":193,\"height\":101,\"caption\":\"ADO Blog\"},\"image\":{\"@id\":\"https:\\\/\\\/www.adosa.es\\\/blog\\\/#\\\/schema\\\/logo\\\/image\\\/\"},\"sameAs\":[\"https:\\\/\\\/www.facebook.com\\\/adobcn1\\\/\",\"https:\\\/\\\/x.com\\\/Adobcn\",\"https:\\\/\\\/www.instagram.com\\\/ado_cerramientos_metalicos\\\/\",\"https:\\\/\\\/www.flickr.com\\\/photos\\\/adocerramientosmetalicos\",\"https:\\\/\\\/www.pinterest.es\\\/adocerramientos\\\/\",\"https:\\\/\\\/www.linkedin.com\\\/company\\\/2141531\\\/admin\\\/feed\\\/posts\\\/\",\"https:\\\/\\\/www.youtube.com\\\/user\\\/adosa2010\"]},{\"@type\":\"Person\",\"@id\":\"https:\\\/\\\/www.adosa.es\\\/blog\\\/#\\\/schema\\\/person\\\/81eafc1325fbcc103884a7dfefe3802d\",\"name\":\"adosa\",\"image\":{\"@type\":\"ImageObject\",\"inLanguage\":\"es\",\"@id\":\"https:\\\/\\\/secure.gravatar.com\\\/avatar\\\/d6d888f49f452edf67f2cba46f345d128154016f2e15749dd5b837e034803083?s=96&d=mm&r=g\",\"url\":\"https:\\\/\\\/secure.gravatar.com\\\/avatar\\\/d6d888f49f452edf67f2cba46f345d128154016f2e15749dd5b837e034803083?s=96&d=mm&r=g\",\"contentUrl\":\"https:\\\/\\\/secure.gravatar.com\\\/avatar\\\/d6d888f49f452edf67f2cba46f345d128154016f2e15749dd5b837e034803083?s=96&d=mm&r=g\",\"caption\":\"adosa\"},\"sameAs\":[\"https:\\\/\\\/www.adosa.es\\\/blog\"],\"url\":\"https:\\\/\\\/www.adosa.es\\\/blog\\\/author\\\/adosa\\\/\"}]}<\/script>\n<!-- \/ Yoast SEO plugin. -->","yoast_head_json":{"title":"Bancos LGTBI Concello de Curtis - ADO Blog","description":"Bancos modelo Loa con listones de madera pintados para conmemorar el d\u00eda del Orgullo LGTBI en el Concello de Curtis (La Coru\u00f1a).","robots":{"index":"index","follow":"follow","max-snippet":"max-snippet:-1","max-image-preview":"max-image-preview:large","max-video-preview":"max-video-preview:-1"},"canonical":"https:\/\/www.adosa.es\/blog\/bancos-lgtbi-concello-de-curtis\/","og_locale":"es_ES","og_type":"article","og_title":"Bancos LGTBI Concello de Curtis - ADO Blog","og_description":"Bancos modelo Loa con listones de madera pintados para conmemorar el d\u00eda del Orgullo LGTBI en el Concello de Curtis (La Coru\u00f1a).","og_url":"https:\/\/www.adosa.es\/blog\/bancos-lgtbi-concello-de-curtis\/","og_site_name":"ADO Blog","article_publisher":"https:\/\/www.facebook.com\/adobcn1\/","article_published_time":"2021-08-16T12:00:59+00:00","article_modified_time":"2023-11-24T13:51:20+00:00","og_image":[{"url":"https:\/\/www.adosa.es\/blog\/wp-content\/uploads\/2021\/08\/IMG-20210708-WA0035-1024x819.jpg","type":"","width":"","height":""}],"author":"adosa","twitter_card":"summary_large_image","twitter_creator":"@Adobcn","twitter_site":"@Adobcn","twitter_misc":{"Escrito por":"adosa","Tiempo de lectura":"1 minuto"},"schema":{"@context":"https:\/\/schema.org","@graph":[{"@type":"Article","@id":"https:\/\/www.adosa.es\/blog\/bancos-lgtbi-concello-de-curtis\/#article","isPartOf":{"@id":"https:\/\/www.adosa.es\/blog\/bancos-lgtbi-concello-de-curtis\/"},"author":{"name":"adosa","@id":"https:\/\/www.adosa.es\/blog\/#\/schema\/person\/81eafc1325fbcc103884a7dfefe3802d"},"headline":"Bancos LGTBI Concello de Curtis","datePublished":"2021-08-16T12:00:59+00:00","dateModified":"2023-11-24T13:51:20+00:00","mainEntityOfPage":{"@id":"https:\/\/www.adosa.es\/blog\/bancos-lgtbi-concello-de-curtis\/"},"wordCount":42,"publisher":{"@id":"https:\/\/www.adosa.es\/blog\/#organization"},"image":{"@id":"https:\/\/www.adosa.es\/blog\/bancos-lgtbi-concello-de-curtis\/#primaryimage"},"thumbnailUrl":"https:\/\/www.adosa.es\/blog\/wp-content\/uploads\/2021\/08\/IMG-20210708-WA0035-1024x819.jpg","keywords":["mobiliario urbano","modelo loa","lgtbi"],"articleSection":["Mobiliario Urbano","Bancos urbanos"],"inLanguage":"es"},{"@type":"WebPage","@id":"https:\/\/www.adosa.es\/blog\/bancos-lgtbi-concello-de-curtis\/","url":"https:\/\/www.adosa.es\/blog\/bancos-lgtbi-concello-de-curtis\/","name":"Bancos LGTBI Concello de Curtis - ADO Blog","isPartOf":{"@id":"https:\/\/www.adosa.es\/blog\/#website"},"primaryImageOfPage":{"@id":"https:\/\/www.adosa.es\/blog\/bancos-lgtbi-concello-de-curtis\/#primaryimage"},"image":{"@id":"https:\/\/www.adosa.es\/blog\/bancos-lgtbi-concello-de-curtis\/#primaryimage"},"thumbnailUrl":"https:\/\/www.adosa.es\/blog\/wp-content\/uploads\/2021\/08\/IMG-20210708-WA0035-1024x819.jpg","datePublished":"2021-08-16T12:00:59+00:00","dateModified":"2023-11-24T13:51:20+00:00","description":"Bancos modelo Loa con listones de madera pintados para conmemorar el d\u00eda del Orgullo LGTBI en el Concello de Curtis (La Coru\u00f1a).","breadcrumb":{"@id":"https:\/\/www.adosa.es\/blog\/bancos-lgtbi-concello-de-curtis\/#breadcrumb"},"inLanguage":"es","potentialAction":[{"@type":"ReadAction","target":["https:\/\/www.adosa.es\/blog\/bancos-lgtbi-concello-de-curtis\/"]}]},{"@type":"ImageObject","inLanguage":"es","@id":"https:\/\/www.adosa.es\/blog\/bancos-lgtbi-concello-de-curtis\/#primaryimage","url":"https:\/\/www.adosa.es\/blog\/wp-content\/uploads\/2021\/08\/IMG-20210708-WA0035.jpg","contentUrl":"https:\/\/www.adosa.es\/blog\/wp-content\/uploads\/2021\/08\/IMG-20210708-WA0035.jpg","width":1350,"height":1080},{"@type":"BreadcrumbList","@id":"https:\/\/www.adosa.es\/blog\/bancos-lgtbi-concello-de-curtis\/#breadcrumb","itemListElement":[{"@type":"ListItem","position":1,"name":"Portada","item":"https:\/\/www.adosa.es\/blog\/"},{"@type":"ListItem","position":2,"name":"Bancos LGTBI Concello de Curtis"}]},{"@type":"WebSite","@id":"https:\/\/www.adosa.es\/blog\/#website","url":"https:\/\/www.adosa.es\/blog\/","name":"ADO Blog","description":"","publisher":{"@id":"https:\/\/www.adosa.es\/blog\/#organization"},"alternateName":"Ado blog corporativo","potentialAction":[{"@type":"SearchAction","target":{"@type":"EntryPoint","urlTemplate":"https:\/\/www.adosa.es\/blog\/?s={search_term_string}"},"query-input":{"@type":"PropertyValueSpecification","valueRequired":true,"valueName":"search_term_string"}}],"inLanguage":"es"},{"@type":"Organization","@id":"https:\/\/www.adosa.es\/blog\/#organization","name":"ADO Blog","url":"https:\/\/www.adosa.es\/blog\/","logo":{"@type":"ImageObject","inLanguage":"es","@id":"https:\/\/www.adosa.es\/blog\/#\/schema\/logo\/image\/","url":"https:\/\/www.adosa.es\/blog\/wp-content\/uploads\/2023\/10\/ado.png","contentUrl":"https:\/\/www.adosa.es\/blog\/wp-content\/uploads\/2023\/10\/ado.png","width":193,"height":101,"caption":"ADO Blog"},"image":{"@id":"https:\/\/www.adosa.es\/blog\/#\/schema\/logo\/image\/"},"sameAs":["https:\/\/www.facebook.com\/adobcn1\/","https:\/\/x.com\/Adobcn","https:\/\/www.instagram.com\/ado_cerramientos_metalicos\/","https:\/\/www.flickr.com\/photos\/adocerramientosmetalicos","https:\/\/www.pinterest.es\/adocerramientos\/","https:\/\/www.linkedin.com\/company\/2141531\/admin\/feed\/posts\/","https:\/\/www.youtube.com\/user\/adosa2010"]},{"@type":"Person","@id":"https:\/\/www.adosa.es\/blog\/#\/schema\/person\/81eafc1325fbcc103884a7dfefe3802d","name":"adosa","image":{"@type":"ImageObject","inLanguage":"es","@id":"https:\/\/secure.gravatar.com\/avatar\/d6d888f49f452edf67f2cba46f345d128154016f2e15749dd5b837e034803083?s=96&d=mm&r=g","url":"https:\/\/secure.gravatar.com\/avatar\/d6d888f49f452edf67f2cba46f345d128154016f2e15749dd5b837e034803083?s=96&d=mm&r=g","contentUrl":"https:\/\/secure.gravatar.com\/avatar\/d6d888f49f452edf67f2cba46f345d128154016f2e15749dd5b837e034803083?s=96&d=mm&r=g","caption":"adosa"},"sameAs":["https:\/\/www.adosa.es\/blog"],"url":"https:\/\/www.adosa.es\/blog\/author\/adosa\/"}]}},"_links":{"self":[{"href":"https:\/\/www.adosa.es\/blog\/wp-json\/wp\/v2\/posts\/4623","targetHints":{"allow":["GET"]}}],"collection":[{"href":"https:\/\/www.adosa.es\/blog\/wp-json\/wp\/v2\/posts"}],"about":[{"href":"https:\/\/www.adosa.es\/blog\/wp-json\/wp\/v2\/types\/post"}],"author":[{"embeddable":true,"href":"https:\/\/www.adosa.es\/blog\/wp-json\/wp\/v2\/users\/1"}],"replies":[{"embeddable":true,"href":"https:\/\/www.adosa.es\/blog\/wp-json\/wp\/v2\/comments?post=4623"}],"version-history":[{"count":1,"href":"https:\/\/www.adosa.es\/blog\/wp-json\/wp\/v2\/posts\/4623\/revisions"}],"predecessor-version":[{"id":5565,"href":"https:\/\/www.adosa.es\/blog\/wp-json\/wp\/v2\/posts\/4623\/revisions\/5565"}],"wp:attachment":[{"href":"https:\/\/www.adosa.es\/blog\/wp-json\/wp\/v2\/media?parent=4623"}],"wp:term":[{"taxonomy":"category","embeddable":true,"href":"https:\/\/www.adosa.es\/blog\/wp-json\/wp\/v2\/categories?post=4623"},{"taxonomy":"post_tag","embeddable":true,"href":"https:\/\/www.adosa.es\/blog\/wp-json\/wp\/v2\/tags?post=4623"}],"curies":[{"name":"wp","href":"https:\/\/api.w.org\/{rel}","templated":true}]}}