{"id":2610,"date":"2017-09-04T08:49:39","date_gmt":"2017-09-04T08:49:39","guid":{"rendered":"http:\/\/www.adosa.es\/blog\/?p=2610"},"modified":"2023-10-26T09:21:57","modified_gmt":"2023-10-26T07:21:57","slug":"jardineras-masnou","status":"publish","type":"post","link":"https:\/\/www.adosa.es\/blog\/jardineras-masnou\/","title":{"rendered":"Jardineras en Masnou"},"content":{"rendered":"\n<p><strong>Jardineras a medida<\/strong> a construidas con chapa de acero galvanizado lacadas en color oxir\u00f3n instaladas como decoraci\u00f3n urbana en una plaza de Masnou.<br>Jardinera urbana arte inferior con pies dise\u00f1ada para un f\u00e1cil transporte mediante toro o traspal\u00e9.<\/p>\n\n\n\n<figure class=\"wp-block-image size-large\"><img decoding=\"async\" src=\"https:\/\/www.adosa.es\/blog\/wp-content\/uploads\/2017\/09\/subir-3-scaled-1.jpg\" alt=\"Instalaci\u00f3n de pilonas y aparcabici en San Antoni de Calonge (Gerona)\" title=\"Conjunto pilonas y aparcabici para delimitar el paseo mar\u00edtimo\"\/><\/figure>\n\n\n\n<p><\/p>\n\n\n\n<!--more-->\n\n\n\n<figure class=\"wp-block-image size-large\"><a href=\"https:\/\/www.adosa.es\/mobiliario-urbano-jardinera-acero-fuji.html\" target=\"_blank\" rel=\"noopener noreferrer\"><img decoding=\"async\" src=\"https:\/\/www.adosa.es\/blog\/wp-content\/uploads\/2017\/09\/subir-2-scaled-1.jpg\" alt=\"Instalaci\u00f3n de pilonas y aparcabici en San Antoni de Calonge (Gerona)\" title=\"Conjunto pilonas y aparcabici para delimitar el paseo mar\u00edtimo\"\/><\/a><\/figure>\n\n\n\n<p><\/p>\n\n\n\n<figure class=\"wp-block-image size-large\"><a href=\"https:\/\/www.adosa.es\/mobiliario-urbano-jardinera-acero-fuji.html\" target=\"_blank\" rel=\"noopener noreferrer\"><img decoding=\"async\" src=\"https:\/\/www.adosa.es\/blog\/wp-content\/uploads\/2017\/09\/subir-1-scaled-1.jpg\" alt=\"Instalaci\u00f3n de pilonas y aparcabici en San Antoni de Calonge (Gerona)\" title=\"Conjunto pilonas y aparcabici para delimitar el paseo mar\u00edtimo\"\/><\/a><\/figure>\n\n\n\n<p><\/p>\n\n\n\n<p><a href=\"https:\/\/www.adosa.es\/mobiliario-urbano-jardinera-acero-fuji.html\" target=\"_blank\" rel=\"noopener noreferrer\">Ver informaci\u00f3n del producto<\/a><\/p>\n","protected":false},"excerpt":{"rendered":"<p>Jardineras a medida a construidas con chapa de acero galvanizado lacadas en color oxir\u00f3n instaladas como decoraci\u00f3n urbana en una plaza de Masnou.Jardinera urbana arte inferior con pies dise\u00f1ada para un f\u00e1cil transporte mediante toro o traspal\u00e9.<\/p>\n","protected":false},"author":1,"featured_media":0,"comment_status":"closed","ping_status":"closed","sticky":false,"template":"","format":"standard","meta":{"footnotes":""},"categories":[50],"tags":[241,257,260,261,262,263,264],"class_list":["post-2610","post","type-post","status-publish","format-standard","hentry","category-jardineras-hierro-acero-inoxidable-corten","tag-jardinera","tag-jardineras","tag-decoracion-urbana","tag-facil-transporte","tag-florero","tag-jardinera-a-medida","tag-jardinera-urbana"],"yoast_head":"<!-- This site is optimized with the Yoast SEO plugin v27.5 - https:\/\/yoast.com\/product\/yoast-seo-wordpress\/ -->\n<title>Jardineras en Masnou - ADO Blog<\/title>\n<meta name=\"description\" content=\"Jardineras a medida con chapa de acero galvanizado lacadas en color oxir\u00f3n instaladas como decoraci\u00f3n urbana en una plaza de Masnou.\" \/>\n<meta name=\"robots\" content=\"index, follow, max-snippet:-1, max-image-preview:large, max-video-preview:-1\" \/>\n<link rel=\"canonical\" href=\"https:\/\/www.adosa.es\/blog\/jardineras-masnou\/\" \/>\n<meta property=\"og:locale\" content=\"es_ES\" \/>\n<meta property=\"og:type\" content=\"article\" \/>\n<meta property=\"og:title\" content=\"Jardineras en Masnou - ADO Blog\" \/>\n<meta property=\"og:description\" content=\"Jardineras a medida con chapa de acero galvanizado lacadas en color oxir\u00f3n instaladas como decoraci\u00f3n urbana en una plaza de Masnou.\" \/>\n<meta property=\"og:url\" content=\"https:\/\/www.adosa.es\/blog\/jardineras-masnou\/\" \/>\n<meta property=\"og:site_name\" content=\"ADO Blog\" \/>\n<meta property=\"article:publisher\" content=\"https:\/\/www.facebook.com\/adobcn1\/\" \/>\n<meta property=\"article:published_time\" content=\"2017-09-04T08:49:39+00:00\" \/>\n<meta property=\"article:modified_time\" content=\"2023-10-26T07:21:57+00:00\" \/>\n<meta property=\"og:image\" content=\"https:\/\/www.adosa.es\/blog\/wp-content\/uploads\/2017\/09\/subir-3-scaled-1.jpg\" \/>\n<meta name=\"author\" content=\"adosa\" \/>\n<meta name=\"twitter:card\" content=\"summary_large_image\" \/>\n<meta name=\"twitter:creator\" content=\"@Adobcn\" \/>\n<meta name=\"twitter:site\" content=\"@Adobcn\" \/>\n<meta name=\"twitter:label1\" content=\"Escrito por\" \/>\n\t<meta name=\"twitter:data1\" content=\"adosa\" \/>\n\t<meta name=\"twitter:label2\" content=\"Tiempo de lectura\" \/>\n\t<meta name=\"twitter:data2\" content=\"1 minuto\" \/>\n<script type=\"application\/ld+json\" class=\"yoast-schema-graph\">{\"@context\":\"https:\\\/\\\/schema.org\",\"@graph\":[{\"@type\":\"Article\",\"@id\":\"https:\\\/\\\/www.adosa.es\\\/blog\\\/jardineras-masnou\\\/#article\",\"isPartOf\":{\"@id\":\"https:\\\/\\\/www.adosa.es\\\/blog\\\/jardineras-masnou\\\/\"},\"author\":{\"name\":\"adosa\",\"@id\":\"https:\\\/\\\/www.adosa.es\\\/blog\\\/#\\\/schema\\\/person\\\/81eafc1325fbcc103884a7dfefe3802d\"},\"headline\":\"Jardineras en Masnou\",\"datePublished\":\"2017-09-04T08:49:39+00:00\",\"dateModified\":\"2023-10-26T07:21:57+00:00\",\"mainEntityOfPage\":{\"@id\":\"https:\\\/\\\/www.adosa.es\\\/blog\\\/jardineras-masnou\\\/\"},\"wordCount\":50,\"publisher\":{\"@id\":\"https:\\\/\\\/www.adosa.es\\\/blog\\\/#organization\"},\"image\":{\"@id\":\"https:\\\/\\\/www.adosa.es\\\/blog\\\/jardineras-masnou\\\/#primaryimage\"},\"thumbnailUrl\":\"https:\\\/\\\/www.adosa.es\\\/blog\\\/wp-content\\\/uploads\\\/2017\\\/09\\\/subir-3-scaled-1.jpg\",\"keywords\":[\"jardinera\",\"jardineras\",\"decoracion urbana\",\"facil transporte\",\"florero\",\"jardinera a medida\",\"jardinera urbana\"],\"articleSection\":[\"Jardineras\"],\"inLanguage\":\"es\"},{\"@type\":\"WebPage\",\"@id\":\"https:\\\/\\\/www.adosa.es\\\/blog\\\/jardineras-masnou\\\/\",\"url\":\"https:\\\/\\\/www.adosa.es\\\/blog\\\/jardineras-masnou\\\/\",\"name\":\"Jardineras en Masnou - ADO Blog\",\"isPartOf\":{\"@id\":\"https:\\\/\\\/www.adosa.es\\\/blog\\\/#website\"},\"primaryImageOfPage\":{\"@id\":\"https:\\\/\\\/www.adosa.es\\\/blog\\\/jardineras-masnou\\\/#primaryimage\"},\"image\":{\"@id\":\"https:\\\/\\\/www.adosa.es\\\/blog\\\/jardineras-masnou\\\/#primaryimage\"},\"thumbnailUrl\":\"https:\\\/\\\/www.adosa.es\\\/blog\\\/wp-content\\\/uploads\\\/2017\\\/09\\\/subir-3-scaled-1.jpg\",\"datePublished\":\"2017-09-04T08:49:39+00:00\",\"dateModified\":\"2023-10-26T07:21:57+00:00\",\"description\":\"Jardineras a medida con chapa de acero galvanizado lacadas en color oxir\u00f3n instaladas como decoraci\u00f3n urbana en una plaza de Masnou.\",\"breadcrumb\":{\"@id\":\"https:\\\/\\\/www.adosa.es\\\/blog\\\/jardineras-masnou\\\/#breadcrumb\"},\"inLanguage\":\"es\",\"potentialAction\":[{\"@type\":\"ReadAction\",\"target\":[\"https:\\\/\\\/www.adosa.es\\\/blog\\\/jardineras-masnou\\\/\"]}]},{\"@type\":\"ImageObject\",\"inLanguage\":\"es\",\"@id\":\"https:\\\/\\\/www.adosa.es\\\/blog\\\/jardineras-masnou\\\/#primaryimage\",\"url\":\"https:\\\/\\\/www.adosa.es\\\/blog\\\/wp-content\\\/uploads\\\/2017\\\/09\\\/subir-3-scaled-1.jpg\",\"contentUrl\":\"https:\\\/\\\/www.adosa.es\\\/blog\\\/wp-content\\\/uploads\\\/2017\\\/09\\\/subir-3-scaled-1.jpg\",\"width\":2560,\"height\":1686},{\"@type\":\"BreadcrumbList\",\"@id\":\"https:\\\/\\\/www.adosa.es\\\/blog\\\/jardineras-masnou\\\/#breadcrumb\",\"itemListElement\":[{\"@type\":\"ListItem\",\"position\":1,\"name\":\"Portada\",\"item\":\"https:\\\/\\\/www.adosa.es\\\/blog\\\/\"},{\"@type\":\"ListItem\",\"position\":2,\"name\":\"Jardineras en Masnou\"}]},{\"@type\":\"WebSite\",\"@id\":\"https:\\\/\\\/www.adosa.es\\\/blog\\\/#website\",\"url\":\"https:\\\/\\\/www.adosa.es\\\/blog\\\/\",\"name\":\"ADO Blog\",\"description\":\"\",\"publisher\":{\"@id\":\"https:\\\/\\\/www.adosa.es\\\/blog\\\/#organization\"},\"alternateName\":\"Ado blog corporativo\",\"potentialAction\":[{\"@type\":\"SearchAction\",\"target\":{\"@type\":\"EntryPoint\",\"urlTemplate\":\"https:\\\/\\\/www.adosa.es\\\/blog\\\/?s={search_term_string}\"},\"query-input\":{\"@type\":\"PropertyValueSpecification\",\"valueRequired\":true,\"valueName\":\"search_term_string\"}}],\"inLanguage\":\"es\"},{\"@type\":\"Organization\",\"@id\":\"https:\\\/\\\/www.adosa.es\\\/blog\\\/#organization\",\"name\":\"ADO Blog\",\"url\":\"https:\\\/\\\/www.adosa.es\\\/blog\\\/\",\"logo\":{\"@type\":\"ImageObject\",\"inLanguage\":\"es\",\"@id\":\"https:\\\/\\\/www.adosa.es\\\/blog\\\/#\\\/schema\\\/logo\\\/image\\\/\",\"url\":\"https:\\\/\\\/www.adosa.es\\\/blog\\\/wp-content\\\/uploads\\\/2023\\\/10\\\/ado.png\",\"contentUrl\":\"https:\\\/\\\/www.adosa.es\\\/blog\\\/wp-content\\\/uploads\\\/2023\\\/10\\\/ado.png\",\"width\":193,\"height\":101,\"caption\":\"ADO Blog\"},\"image\":{\"@id\":\"https:\\\/\\\/www.adosa.es\\\/blog\\\/#\\\/schema\\\/logo\\\/image\\\/\"},\"sameAs\":[\"https:\\\/\\\/www.facebook.com\\\/adobcn1\\\/\",\"https:\\\/\\\/x.com\\\/Adobcn\",\"https:\\\/\\\/www.instagram.com\\\/ado_cerramientos_metalicos\\\/\",\"https:\\\/\\\/www.flickr.com\\\/photos\\\/adocerramientosmetalicos\",\"https:\\\/\\\/www.pinterest.es\\\/adocerramientos\\\/\",\"https:\\\/\\\/www.linkedin.com\\\/company\\\/2141531\\\/admin\\\/feed\\\/posts\\\/\",\"https:\\\/\\\/www.youtube.com\\\/user\\\/adosa2010\"]},{\"@type\":\"Person\",\"@id\":\"https:\\\/\\\/www.adosa.es\\\/blog\\\/#\\\/schema\\\/person\\\/81eafc1325fbcc103884a7dfefe3802d\",\"name\":\"adosa\",\"image\":{\"@type\":\"ImageObject\",\"inLanguage\":\"es\",\"@id\":\"https:\\\/\\\/secure.gravatar.com\\\/avatar\\\/d6d888f49f452edf67f2cba46f345d128154016f2e15749dd5b837e034803083?s=96&d=mm&r=g\",\"url\":\"https:\\\/\\\/secure.gravatar.com\\\/avatar\\\/d6d888f49f452edf67f2cba46f345d128154016f2e15749dd5b837e034803083?s=96&d=mm&r=g\",\"contentUrl\":\"https:\\\/\\\/secure.gravatar.com\\\/avatar\\\/d6d888f49f452edf67f2cba46f345d128154016f2e15749dd5b837e034803083?s=96&d=mm&r=g\",\"caption\":\"adosa\"},\"sameAs\":[\"https:\\\/\\\/www.adosa.es\\\/blog\"],\"url\":\"https:\\\/\\\/www.adosa.es\\\/blog\\\/author\\\/adosa\\\/\"}]}<\/script>\n<!-- \/ Yoast SEO plugin. -->","yoast_head_json":{"title":"Jardineras en Masnou - ADO Blog","description":"Jardineras a medida con chapa de acero galvanizado lacadas en color oxir\u00f3n instaladas como decoraci\u00f3n urbana en una plaza de Masnou.","robots":{"index":"index","follow":"follow","max-snippet":"max-snippet:-1","max-image-preview":"max-image-preview:large","max-video-preview":"max-video-preview:-1"},"canonical":"https:\/\/www.adosa.es\/blog\/jardineras-masnou\/","og_locale":"es_ES","og_type":"article","og_title":"Jardineras en Masnou - ADO Blog","og_description":"Jardineras a medida con chapa de acero galvanizado lacadas en color oxir\u00f3n instaladas como decoraci\u00f3n urbana en una plaza de Masnou.","og_url":"https:\/\/www.adosa.es\/blog\/jardineras-masnou\/","og_site_name":"ADO Blog","article_publisher":"https:\/\/www.facebook.com\/adobcn1\/","article_published_time":"2017-09-04T08:49:39+00:00","article_modified_time":"2023-10-26T07:21:57+00:00","og_image":[{"url":"https:\/\/www.adosa.es\/blog\/wp-content\/uploads\/2017\/09\/subir-3-scaled-1.jpg","type":"","width":"","height":""}],"author":"adosa","twitter_card":"summary_large_image","twitter_creator":"@Adobcn","twitter_site":"@Adobcn","twitter_misc":{"Escrito por":"adosa","Tiempo de lectura":"1 minuto"},"schema":{"@context":"https:\/\/schema.org","@graph":[{"@type":"Article","@id":"https:\/\/www.adosa.es\/blog\/jardineras-masnou\/#article","isPartOf":{"@id":"https:\/\/www.adosa.es\/blog\/jardineras-masnou\/"},"author":{"name":"adosa","@id":"https:\/\/www.adosa.es\/blog\/#\/schema\/person\/81eafc1325fbcc103884a7dfefe3802d"},"headline":"Jardineras en Masnou","datePublished":"2017-09-04T08:49:39+00:00","dateModified":"2023-10-26T07:21:57+00:00","mainEntityOfPage":{"@id":"https:\/\/www.adosa.es\/blog\/jardineras-masnou\/"},"wordCount":50,"publisher":{"@id":"https:\/\/www.adosa.es\/blog\/#organization"},"image":{"@id":"https:\/\/www.adosa.es\/blog\/jardineras-masnou\/#primaryimage"},"thumbnailUrl":"https:\/\/www.adosa.es\/blog\/wp-content\/uploads\/2017\/09\/subir-3-scaled-1.jpg","keywords":["jardinera","jardineras","decoracion urbana","facil transporte","florero","jardinera a medida","jardinera urbana"],"articleSection":["Jardineras"],"inLanguage":"es"},{"@type":"WebPage","@id":"https:\/\/www.adosa.es\/blog\/jardineras-masnou\/","url":"https:\/\/www.adosa.es\/blog\/jardineras-masnou\/","name":"Jardineras en Masnou - ADO Blog","isPartOf":{"@id":"https:\/\/www.adosa.es\/blog\/#website"},"primaryImageOfPage":{"@id":"https:\/\/www.adosa.es\/blog\/jardineras-masnou\/#primaryimage"},"image":{"@id":"https:\/\/www.adosa.es\/blog\/jardineras-masnou\/#primaryimage"},"thumbnailUrl":"https:\/\/www.adosa.es\/blog\/wp-content\/uploads\/2017\/09\/subir-3-scaled-1.jpg","datePublished":"2017-09-04T08:49:39+00:00","dateModified":"2023-10-26T07:21:57+00:00","description":"Jardineras a medida con chapa de acero galvanizado lacadas en color oxir\u00f3n instaladas como decoraci\u00f3n urbana en una plaza de Masnou.","breadcrumb":{"@id":"https:\/\/www.adosa.es\/blog\/jardineras-masnou\/#breadcrumb"},"inLanguage":"es","potentialAction":[{"@type":"ReadAction","target":["https:\/\/www.adosa.es\/blog\/jardineras-masnou\/"]}]},{"@type":"ImageObject","inLanguage":"es","@id":"https:\/\/www.adosa.es\/blog\/jardineras-masnou\/#primaryimage","url":"https:\/\/www.adosa.es\/blog\/wp-content\/uploads\/2017\/09\/subir-3-scaled-1.jpg","contentUrl":"https:\/\/www.adosa.es\/blog\/wp-content\/uploads\/2017\/09\/subir-3-scaled-1.jpg","width":2560,"height":1686},{"@type":"BreadcrumbList","@id":"https:\/\/www.adosa.es\/blog\/jardineras-masnou\/#breadcrumb","itemListElement":[{"@type":"ListItem","position":1,"name":"Portada","item":"https:\/\/www.adosa.es\/blog\/"},{"@type":"ListItem","position":2,"name":"Jardineras en Masnou"}]},{"@type":"WebSite","@id":"https:\/\/www.adosa.es\/blog\/#website","url":"https:\/\/www.adosa.es\/blog\/","name":"ADO Blog","description":"","publisher":{"@id":"https:\/\/www.adosa.es\/blog\/#organization"},"alternateName":"Ado blog corporativo","potentialAction":[{"@type":"SearchAction","target":{"@type":"EntryPoint","urlTemplate":"https:\/\/www.adosa.es\/blog\/?s={search_term_string}"},"query-input":{"@type":"PropertyValueSpecification","valueRequired":true,"valueName":"search_term_string"}}],"inLanguage":"es"},{"@type":"Organization","@id":"https:\/\/www.adosa.es\/blog\/#organization","name":"ADO Blog","url":"https:\/\/www.adosa.es\/blog\/","logo":{"@type":"ImageObject","inLanguage":"es","@id":"https:\/\/www.adosa.es\/blog\/#\/schema\/logo\/image\/","url":"https:\/\/www.adosa.es\/blog\/wp-content\/uploads\/2023\/10\/ado.png","contentUrl":"https:\/\/www.adosa.es\/blog\/wp-content\/uploads\/2023\/10\/ado.png","width":193,"height":101,"caption":"ADO Blog"},"image":{"@id":"https:\/\/www.adosa.es\/blog\/#\/schema\/logo\/image\/"},"sameAs":["https:\/\/www.facebook.com\/adobcn1\/","https:\/\/x.com\/Adobcn","https:\/\/www.instagram.com\/ado_cerramientos_metalicos\/","https:\/\/www.flickr.com\/photos\/adocerramientosmetalicos","https:\/\/www.pinterest.es\/adocerramientos\/","https:\/\/www.linkedin.com\/company\/2141531\/admin\/feed\/posts\/","https:\/\/www.youtube.com\/user\/adosa2010"]},{"@type":"Person","@id":"https:\/\/www.adosa.es\/blog\/#\/schema\/person\/81eafc1325fbcc103884a7dfefe3802d","name":"adosa","image":{"@type":"ImageObject","inLanguage":"es","@id":"https:\/\/secure.gravatar.com\/avatar\/d6d888f49f452edf67f2cba46f345d128154016f2e15749dd5b837e034803083?s=96&d=mm&r=g","url":"https:\/\/secure.gravatar.com\/avatar\/d6d888f49f452edf67f2cba46f345d128154016f2e15749dd5b837e034803083?s=96&d=mm&r=g","contentUrl":"https:\/\/secure.gravatar.com\/avatar\/d6d888f49f452edf67f2cba46f345d128154016f2e15749dd5b837e034803083?s=96&d=mm&r=g","caption":"adosa"},"sameAs":["https:\/\/www.adosa.es\/blog"],"url":"https:\/\/www.adosa.es\/blog\/author\/adosa\/"}]}},"_links":{"self":[{"href":"https:\/\/www.adosa.es\/blog\/wp-json\/wp\/v2\/posts\/2610","targetHints":{"allow":["GET"]}}],"collection":[{"href":"https:\/\/www.adosa.es\/blog\/wp-json\/wp\/v2\/posts"}],"about":[{"href":"https:\/\/www.adosa.es\/blog\/wp-json\/wp\/v2\/types\/post"}],"author":[{"embeddable":true,"href":"https:\/\/www.adosa.es\/blog\/wp-json\/wp\/v2\/users\/1"}],"replies":[{"embeddable":true,"href":"https:\/\/www.adosa.es\/blog\/wp-json\/wp\/v2\/comments?post=2610"}],"version-history":[{"count":2,"href":"https:\/\/www.adosa.es\/blog\/wp-json\/wp\/v2\/posts\/2610\/revisions"}],"predecessor-version":[{"id":6226,"href":"https:\/\/www.adosa.es\/blog\/wp-json\/wp\/v2\/posts\/2610\/revisions\/6226"}],"wp:attachment":[{"href":"https:\/\/www.adosa.es\/blog\/wp-json\/wp\/v2\/media?parent=2610"}],"wp:term":[{"taxonomy":"category","embeddable":true,"href":"https:\/\/www.adosa.es\/blog\/wp-json\/wp\/v2\/categories?post=2610"},{"taxonomy":"post_tag","embeddable":true,"href":"https:\/\/www.adosa.es\/blog\/wp-json\/wp\/v2\/tags?post=2610"}],"curies":[{"name":"wp","href":"https:\/\/api.w.org\/{rel}","templated":true}]}}