{"id":2603,"date":"2017-08-03T10:34:12","date_gmt":"2017-08-03T10:34:12","guid":{"rendered":"http:\/\/www.adosa.es\/blog\/?p=2603"},"modified":"2023-10-26T09:17:09","modified_gmt":"2023-10-26T07:17:09","slug":"instalacion-espejo-convexo-de-exterior-y-jardinera-recei","status":"publish","type":"post","link":"https:\/\/www.adosa.es\/blog\/instalacion-espejo-convexo-de-exterior-y-jardinera-recei\/","title":{"rendered":"Instalaci\u00f3n espejo convexo de exterior y jardinera Recei"},"content":{"rendered":"\n<p>Instalaci\u00f3n de un<a href=\"https:\/\/www.adosa.es\/espejos-parking.html\"> <strong>espejo convexo<\/strong><\/a><strong> de exterior<\/strong> y una <strong>jardinera modelo Recei<\/strong>.<\/p>\n\n\n\n<p>El espejo ofrece la posibilidad de instalaci\u00f3n en poste o directamente en la pared mediante soporte.<\/p>\n\n\n\n<p>La jardineras Recei est\u00e1 construida con chapa de hierro lacado o con acero corten, en forma rectangular. Ideal para uso exterior, en calles peatonales, parques y jardines. Se puede adaptar el dise\u00f1o a cualquier medida o con diferentes acabados.<\/p>\n\n\n\n<div class=\"wp-block-columns is-layout-flex wp-container-core-columns-is-layout-9d6595d7 wp-block-columns-is-layout-flex\">\n<div class=\"wp-block-column is-layout-flow wp-block-column-is-layout-flow\">\n<figure class=\"wp-block-image size-large\"><img decoding=\"async\" src=\"https:\/\/www.adosa.es\/blog\/wp-content\/uploads\/2017\/07\/20170710_105816-scaled-1.jpg\" alt=\"Conjunto de espejo y jardinera \" title=\"Instalaci\u00f3n de un espejo convexo de exterior y una jardinera modelo Recei.\"\/><\/figure>\n<\/div>\n\n\n\n<div class=\"wp-block-column is-layout-flow wp-block-column-is-layout-flow\">\n<figure class=\"wp-block-image size-large\"><img decoding=\"async\" src=\"https:\/\/www.adosa.es\/blog\/wp-content\/uploads\/2017\/07\/20170710_105808-scaled-1.jpg\" alt=\"Conjunto de espejo y jardinera \" title=\"Instalaci\u00f3n espejo convexo de exterior y jardinera Recei\"\/><\/figure>\n<\/div>\n<\/div>\n\n\n\n<!--more-->\n\n\n\n<p><\/p>\n\n\n\n<p><a href=\"https:\/\/www.adosa.es\/espejos-parking.html\" target=\"_blank\" rel=\"noopener noreferrer\">Ver informaci\u00f3n del producto (espejos convexos)<\/a><br><a href=\"https:\/\/www.adosa.es\/mobiliario-urbano-jardinera-chapa-corten-recei.html\" target=\"_blank\" rel=\"noopener noreferrer\">Ver informaci\u00f3n del producto (jardineras Recei)<\/a><\/p>\n","protected":false},"excerpt":{"rendered":"<p>Instalaci\u00f3n de un espejo convexo de exterior y una jardinera modelo Recei. El espejo ofrece la posibilidad de instalaci\u00f3n en poste o directamente en la pared mediante soporte. La jardineras Recei est\u00e1 construida con chapa de hierro lacado o con acero corten, en forma rectangular. Ideal para uso exterior, en calles peatonales, parques y jardines. [&hellip;]<\/p>\n","protected":false},"author":1,"featured_media":0,"comment_status":"closed","ping_status":"closed","sticky":false,"template":"","format":"standard","meta":{"footnotes":""},"categories":[50,254],"tags":[129,252,253,256,258,259],"class_list":["post-2603","post","type-post","status-publish","format-standard","hentry","category-jardineras-hierro-acero-inoxidable-corten","category-espejos-convexos","tag-acero-corten","tag-calles-peatonales","tag-espejo-convexo-de-exterior","tag-hierro-lacado","tag-jardines","tag-parques"],"yoast_head":"<!-- This site is optimized with the Yoast SEO plugin v27.5 - https:\/\/yoast.com\/product\/yoast-seo-wordpress\/ -->\n<title>Instalaci\u00f3n espejo convexo de exterior y jardinera Recei - ADO Blog<\/title>\n<meta name=\"description\" content=\"Instalaci\u00f3n de un espejo convexo de exterior y una jardinera modelo Recei.\" \/>\n<meta name=\"robots\" content=\"index, follow, max-snippet:-1, max-image-preview:large, max-video-preview:-1\" \/>\n<link rel=\"canonical\" href=\"https:\/\/www.adosa.es\/blog\/instalacion-espejo-convexo-de-exterior-y-jardinera-recei\/\" \/>\n<meta property=\"og:locale\" content=\"es_ES\" \/>\n<meta property=\"og:type\" content=\"article\" \/>\n<meta property=\"og:title\" content=\"Instalaci\u00f3n espejo convexo de exterior y jardinera Recei - ADO Blog\" \/>\n<meta property=\"og:description\" content=\"Instalaci\u00f3n de un espejo convexo de exterior y una jardinera modelo Recei.\" \/>\n<meta property=\"og:url\" content=\"https:\/\/www.adosa.es\/blog\/instalacion-espejo-convexo-de-exterior-y-jardinera-recei\/\" \/>\n<meta property=\"og:site_name\" content=\"ADO Blog\" \/>\n<meta property=\"article:publisher\" content=\"https:\/\/www.facebook.com\/adobcn1\/\" \/>\n<meta property=\"article:published_time\" content=\"2017-08-03T10:34:12+00:00\" \/>\n<meta property=\"article:modified_time\" content=\"2023-10-26T07:17:09+00:00\" \/>\n<meta property=\"og:image\" content=\"https:\/\/www.adosa.es\/blog\/wp-content\/uploads\/2017\/07\/20170710_105816-scaled-1.jpg\" \/>\n<meta name=\"author\" content=\"adosa\" \/>\n<meta name=\"twitter:card\" content=\"summary_large_image\" \/>\n<meta name=\"twitter:creator\" content=\"@Adobcn\" \/>\n<meta name=\"twitter:site\" content=\"@Adobcn\" \/>\n<meta name=\"twitter:label1\" content=\"Escrito por\" \/>\n\t<meta name=\"twitter:data1\" content=\"adosa\" \/>\n\t<meta name=\"twitter:label2\" content=\"Tiempo de lectura\" \/>\n\t<meta name=\"twitter:data2\" content=\"1 minuto\" \/>\n<script type=\"application\/ld+json\" class=\"yoast-schema-graph\">{\"@context\":\"https:\\\/\\\/schema.org\",\"@graph\":[{\"@type\":\"Article\",\"@id\":\"https:\\\/\\\/www.adosa.es\\\/blog\\\/instalacion-espejo-convexo-de-exterior-y-jardinera-recei\\\/#article\",\"isPartOf\":{\"@id\":\"https:\\\/\\\/www.adosa.es\\\/blog\\\/instalacion-espejo-convexo-de-exterior-y-jardinera-recei\\\/\"},\"author\":{\"name\":\"adosa\",\"@id\":\"https:\\\/\\\/www.adosa.es\\\/blog\\\/#\\\/schema\\\/person\\\/81eafc1325fbcc103884a7dfefe3802d\"},\"headline\":\"Instalaci\u00f3n espejo convexo de exterior y jardinera Recei\",\"datePublished\":\"2017-08-03T10:34:12+00:00\",\"dateModified\":\"2023-10-26T07:17:09+00:00\",\"mainEntityOfPage\":{\"@id\":\"https:\\\/\\\/www.adosa.es\\\/blog\\\/instalacion-espejo-convexo-de-exterior-y-jardinera-recei\\\/\"},\"wordCount\":93,\"publisher\":{\"@id\":\"https:\\\/\\\/www.adosa.es\\\/blog\\\/#organization\"},\"image\":{\"@id\":\"https:\\\/\\\/www.adosa.es\\\/blog\\\/instalacion-espejo-convexo-de-exterior-y-jardinera-recei\\\/#primaryimage\"},\"thumbnailUrl\":\"https:\\\/\\\/www.adosa.es\\\/blog\\\/wp-content\\\/uploads\\\/2017\\\/07\\\/20170710_105816-scaled-1.jpg\",\"keywords\":[\"acero corten\",\"calles peatonales\",\"espejo convexo de exterior\",\"hierro lacado\",\"jardines\",\"parques\"],\"articleSection\":[\"Jardineras\",\"Espejos convexos\"],\"inLanguage\":\"es\"},{\"@type\":\"WebPage\",\"@id\":\"https:\\\/\\\/www.adosa.es\\\/blog\\\/instalacion-espejo-convexo-de-exterior-y-jardinera-recei\\\/\",\"url\":\"https:\\\/\\\/www.adosa.es\\\/blog\\\/instalacion-espejo-convexo-de-exterior-y-jardinera-recei\\\/\",\"name\":\"Instalaci\u00f3n espejo convexo de exterior y jardinera Recei - ADO Blog\",\"isPartOf\":{\"@id\":\"https:\\\/\\\/www.adosa.es\\\/blog\\\/#website\"},\"primaryImageOfPage\":{\"@id\":\"https:\\\/\\\/www.adosa.es\\\/blog\\\/instalacion-espejo-convexo-de-exterior-y-jardinera-recei\\\/#primaryimage\"},\"image\":{\"@id\":\"https:\\\/\\\/www.adosa.es\\\/blog\\\/instalacion-espejo-convexo-de-exterior-y-jardinera-recei\\\/#primaryimage\"},\"thumbnailUrl\":\"https:\\\/\\\/www.adosa.es\\\/blog\\\/wp-content\\\/uploads\\\/2017\\\/07\\\/20170710_105816-scaled-1.jpg\",\"datePublished\":\"2017-08-03T10:34:12+00:00\",\"dateModified\":\"2023-10-26T07:17:09+00:00\",\"description\":\"Instalaci\u00f3n de un espejo convexo de exterior y una jardinera modelo Recei.\",\"breadcrumb\":{\"@id\":\"https:\\\/\\\/www.adosa.es\\\/blog\\\/instalacion-espejo-convexo-de-exterior-y-jardinera-recei\\\/#breadcrumb\"},\"inLanguage\":\"es\",\"potentialAction\":[{\"@type\":\"ReadAction\",\"target\":[\"https:\\\/\\\/www.adosa.es\\\/blog\\\/instalacion-espejo-convexo-de-exterior-y-jardinera-recei\\\/\"]}]},{\"@type\":\"ImageObject\",\"inLanguage\":\"es\",\"@id\":\"https:\\\/\\\/www.adosa.es\\\/blog\\\/instalacion-espejo-convexo-de-exterior-y-jardinera-recei\\\/#primaryimage\",\"url\":\"https:\\\/\\\/www.adosa.es\\\/blog\\\/wp-content\\\/uploads\\\/2017\\\/07\\\/20170710_105816-scaled-1.jpg\",\"contentUrl\":\"https:\\\/\\\/www.adosa.es\\\/blog\\\/wp-content\\\/uploads\\\/2017\\\/07\\\/20170710_105816-scaled-1.jpg\",\"width\":1440,\"height\":2560},{\"@type\":\"BreadcrumbList\",\"@id\":\"https:\\\/\\\/www.adosa.es\\\/blog\\\/instalacion-espejo-convexo-de-exterior-y-jardinera-recei\\\/#breadcrumb\",\"itemListElement\":[{\"@type\":\"ListItem\",\"position\":1,\"name\":\"Portada\",\"item\":\"https:\\\/\\\/www.adosa.es\\\/blog\\\/\"},{\"@type\":\"ListItem\",\"position\":2,\"name\":\"Instalaci\u00f3n espejo convexo de exterior y jardinera Recei\"}]},{\"@type\":\"WebSite\",\"@id\":\"https:\\\/\\\/www.adosa.es\\\/blog\\\/#website\",\"url\":\"https:\\\/\\\/www.adosa.es\\\/blog\\\/\",\"name\":\"ADO Blog\",\"description\":\"\",\"publisher\":{\"@id\":\"https:\\\/\\\/www.adosa.es\\\/blog\\\/#organization\"},\"alternateName\":\"Ado blog corporativo\",\"potentialAction\":[{\"@type\":\"SearchAction\",\"target\":{\"@type\":\"EntryPoint\",\"urlTemplate\":\"https:\\\/\\\/www.adosa.es\\\/blog\\\/?s={search_term_string}\"},\"query-input\":{\"@type\":\"PropertyValueSpecification\",\"valueRequired\":true,\"valueName\":\"search_term_string\"}}],\"inLanguage\":\"es\"},{\"@type\":\"Organization\",\"@id\":\"https:\\\/\\\/www.adosa.es\\\/blog\\\/#organization\",\"name\":\"ADO Blog\",\"url\":\"https:\\\/\\\/www.adosa.es\\\/blog\\\/\",\"logo\":{\"@type\":\"ImageObject\",\"inLanguage\":\"es\",\"@id\":\"https:\\\/\\\/www.adosa.es\\\/blog\\\/#\\\/schema\\\/logo\\\/image\\\/\",\"url\":\"https:\\\/\\\/www.adosa.es\\\/blog\\\/wp-content\\\/uploads\\\/2023\\\/10\\\/ado.png\",\"contentUrl\":\"https:\\\/\\\/www.adosa.es\\\/blog\\\/wp-content\\\/uploads\\\/2023\\\/10\\\/ado.png\",\"width\":193,\"height\":101,\"caption\":\"ADO Blog\"},\"image\":{\"@id\":\"https:\\\/\\\/www.adosa.es\\\/blog\\\/#\\\/schema\\\/logo\\\/image\\\/\"},\"sameAs\":[\"https:\\\/\\\/www.facebook.com\\\/adobcn1\\\/\",\"https:\\\/\\\/x.com\\\/Adobcn\",\"https:\\\/\\\/www.instagram.com\\\/ado_cerramientos_metalicos\\\/\",\"https:\\\/\\\/www.flickr.com\\\/photos\\\/adocerramientosmetalicos\",\"https:\\\/\\\/www.pinterest.es\\\/adocerramientos\\\/\",\"https:\\\/\\\/www.linkedin.com\\\/company\\\/2141531\\\/admin\\\/feed\\\/posts\\\/\",\"https:\\\/\\\/www.youtube.com\\\/user\\\/adosa2010\"]},{\"@type\":\"Person\",\"@id\":\"https:\\\/\\\/www.adosa.es\\\/blog\\\/#\\\/schema\\\/person\\\/81eafc1325fbcc103884a7dfefe3802d\",\"name\":\"adosa\",\"image\":{\"@type\":\"ImageObject\",\"inLanguage\":\"es\",\"@id\":\"https:\\\/\\\/secure.gravatar.com\\\/avatar\\\/d6d888f49f452edf67f2cba46f345d128154016f2e15749dd5b837e034803083?s=96&d=mm&r=g\",\"url\":\"https:\\\/\\\/secure.gravatar.com\\\/avatar\\\/d6d888f49f452edf67f2cba46f345d128154016f2e15749dd5b837e034803083?s=96&d=mm&r=g\",\"contentUrl\":\"https:\\\/\\\/secure.gravatar.com\\\/avatar\\\/d6d888f49f452edf67f2cba46f345d128154016f2e15749dd5b837e034803083?s=96&d=mm&r=g\",\"caption\":\"adosa\"},\"sameAs\":[\"https:\\\/\\\/www.adosa.es\\\/blog\"],\"url\":\"https:\\\/\\\/www.adosa.es\\\/blog\\\/author\\\/adosa\\\/\"}]}<\/script>\n<!-- \/ Yoast SEO plugin. -->","yoast_head_json":{"title":"Instalaci\u00f3n espejo convexo de exterior y jardinera Recei - ADO Blog","description":"Instalaci\u00f3n de un espejo convexo de exterior y una jardinera modelo Recei.","robots":{"index":"index","follow":"follow","max-snippet":"max-snippet:-1","max-image-preview":"max-image-preview:large","max-video-preview":"max-video-preview:-1"},"canonical":"https:\/\/www.adosa.es\/blog\/instalacion-espejo-convexo-de-exterior-y-jardinera-recei\/","og_locale":"es_ES","og_type":"article","og_title":"Instalaci\u00f3n espejo convexo de exterior y jardinera Recei - ADO Blog","og_description":"Instalaci\u00f3n de un espejo convexo de exterior y una jardinera modelo Recei.","og_url":"https:\/\/www.adosa.es\/blog\/instalacion-espejo-convexo-de-exterior-y-jardinera-recei\/","og_site_name":"ADO Blog","article_publisher":"https:\/\/www.facebook.com\/adobcn1\/","article_published_time":"2017-08-03T10:34:12+00:00","article_modified_time":"2023-10-26T07:17:09+00:00","og_image":[{"url":"https:\/\/www.adosa.es\/blog\/wp-content\/uploads\/2017\/07\/20170710_105816-scaled-1.jpg","type":"","width":"","height":""}],"author":"adosa","twitter_card":"summary_large_image","twitter_creator":"@Adobcn","twitter_site":"@Adobcn","twitter_misc":{"Escrito por":"adosa","Tiempo de lectura":"1 minuto"},"schema":{"@context":"https:\/\/schema.org","@graph":[{"@type":"Article","@id":"https:\/\/www.adosa.es\/blog\/instalacion-espejo-convexo-de-exterior-y-jardinera-recei\/#article","isPartOf":{"@id":"https:\/\/www.adosa.es\/blog\/instalacion-espejo-convexo-de-exterior-y-jardinera-recei\/"},"author":{"name":"adosa","@id":"https:\/\/www.adosa.es\/blog\/#\/schema\/person\/81eafc1325fbcc103884a7dfefe3802d"},"headline":"Instalaci\u00f3n espejo convexo de exterior y jardinera Recei","datePublished":"2017-08-03T10:34:12+00:00","dateModified":"2023-10-26T07:17:09+00:00","mainEntityOfPage":{"@id":"https:\/\/www.adosa.es\/blog\/instalacion-espejo-convexo-de-exterior-y-jardinera-recei\/"},"wordCount":93,"publisher":{"@id":"https:\/\/www.adosa.es\/blog\/#organization"},"image":{"@id":"https:\/\/www.adosa.es\/blog\/instalacion-espejo-convexo-de-exterior-y-jardinera-recei\/#primaryimage"},"thumbnailUrl":"https:\/\/www.adosa.es\/blog\/wp-content\/uploads\/2017\/07\/20170710_105816-scaled-1.jpg","keywords":["acero corten","calles peatonales","espejo convexo de exterior","hierro lacado","jardines","parques"],"articleSection":["Jardineras","Espejos convexos"],"inLanguage":"es"},{"@type":"WebPage","@id":"https:\/\/www.adosa.es\/blog\/instalacion-espejo-convexo-de-exterior-y-jardinera-recei\/","url":"https:\/\/www.adosa.es\/blog\/instalacion-espejo-convexo-de-exterior-y-jardinera-recei\/","name":"Instalaci\u00f3n espejo convexo de exterior y jardinera Recei - ADO Blog","isPartOf":{"@id":"https:\/\/www.adosa.es\/blog\/#website"},"primaryImageOfPage":{"@id":"https:\/\/www.adosa.es\/blog\/instalacion-espejo-convexo-de-exterior-y-jardinera-recei\/#primaryimage"},"image":{"@id":"https:\/\/www.adosa.es\/blog\/instalacion-espejo-convexo-de-exterior-y-jardinera-recei\/#primaryimage"},"thumbnailUrl":"https:\/\/www.adosa.es\/blog\/wp-content\/uploads\/2017\/07\/20170710_105816-scaled-1.jpg","datePublished":"2017-08-03T10:34:12+00:00","dateModified":"2023-10-26T07:17:09+00:00","description":"Instalaci\u00f3n de un espejo convexo de exterior y una jardinera modelo Recei.","breadcrumb":{"@id":"https:\/\/www.adosa.es\/blog\/instalacion-espejo-convexo-de-exterior-y-jardinera-recei\/#breadcrumb"},"inLanguage":"es","potentialAction":[{"@type":"ReadAction","target":["https:\/\/www.adosa.es\/blog\/instalacion-espejo-convexo-de-exterior-y-jardinera-recei\/"]}]},{"@type":"ImageObject","inLanguage":"es","@id":"https:\/\/www.adosa.es\/blog\/instalacion-espejo-convexo-de-exterior-y-jardinera-recei\/#primaryimage","url":"https:\/\/www.adosa.es\/blog\/wp-content\/uploads\/2017\/07\/20170710_105816-scaled-1.jpg","contentUrl":"https:\/\/www.adosa.es\/blog\/wp-content\/uploads\/2017\/07\/20170710_105816-scaled-1.jpg","width":1440,"height":2560},{"@type":"BreadcrumbList","@id":"https:\/\/www.adosa.es\/blog\/instalacion-espejo-convexo-de-exterior-y-jardinera-recei\/#breadcrumb","itemListElement":[{"@type":"ListItem","position":1,"name":"Portada","item":"https:\/\/www.adosa.es\/blog\/"},{"@type":"ListItem","position":2,"name":"Instalaci\u00f3n espejo convexo de exterior y jardinera Recei"}]},{"@type":"WebSite","@id":"https:\/\/www.adosa.es\/blog\/#website","url":"https:\/\/www.adosa.es\/blog\/","name":"ADO Blog","description":"","publisher":{"@id":"https:\/\/www.adosa.es\/blog\/#organization"},"alternateName":"Ado blog corporativo","potentialAction":[{"@type":"SearchAction","target":{"@type":"EntryPoint","urlTemplate":"https:\/\/www.adosa.es\/blog\/?s={search_term_string}"},"query-input":{"@type":"PropertyValueSpecification","valueRequired":true,"valueName":"search_term_string"}}],"inLanguage":"es"},{"@type":"Organization","@id":"https:\/\/www.adosa.es\/blog\/#organization","name":"ADO Blog","url":"https:\/\/www.adosa.es\/blog\/","logo":{"@type":"ImageObject","inLanguage":"es","@id":"https:\/\/www.adosa.es\/blog\/#\/schema\/logo\/image\/","url":"https:\/\/www.adosa.es\/blog\/wp-content\/uploads\/2023\/10\/ado.png","contentUrl":"https:\/\/www.adosa.es\/blog\/wp-content\/uploads\/2023\/10\/ado.png","width":193,"height":101,"caption":"ADO Blog"},"image":{"@id":"https:\/\/www.adosa.es\/blog\/#\/schema\/logo\/image\/"},"sameAs":["https:\/\/www.facebook.com\/adobcn1\/","https:\/\/x.com\/Adobcn","https:\/\/www.instagram.com\/ado_cerramientos_metalicos\/","https:\/\/www.flickr.com\/photos\/adocerramientosmetalicos","https:\/\/www.pinterest.es\/adocerramientos\/","https:\/\/www.linkedin.com\/company\/2141531\/admin\/feed\/posts\/","https:\/\/www.youtube.com\/user\/adosa2010"]},{"@type":"Person","@id":"https:\/\/www.adosa.es\/blog\/#\/schema\/person\/81eafc1325fbcc103884a7dfefe3802d","name":"adosa","image":{"@type":"ImageObject","inLanguage":"es","@id":"https:\/\/secure.gravatar.com\/avatar\/d6d888f49f452edf67f2cba46f345d128154016f2e15749dd5b837e034803083?s=96&d=mm&r=g","url":"https:\/\/secure.gravatar.com\/avatar\/d6d888f49f452edf67f2cba46f345d128154016f2e15749dd5b837e034803083?s=96&d=mm&r=g","contentUrl":"https:\/\/secure.gravatar.com\/avatar\/d6d888f49f452edf67f2cba46f345d128154016f2e15749dd5b837e034803083?s=96&d=mm&r=g","caption":"adosa"},"sameAs":["https:\/\/www.adosa.es\/blog"],"url":"https:\/\/www.adosa.es\/blog\/author\/adosa\/"}]}},"_links":{"self":[{"href":"https:\/\/www.adosa.es\/blog\/wp-json\/wp\/v2\/posts\/2603","targetHints":{"allow":["GET"]}}],"collection":[{"href":"https:\/\/www.adosa.es\/blog\/wp-json\/wp\/v2\/posts"}],"about":[{"href":"https:\/\/www.adosa.es\/blog\/wp-json\/wp\/v2\/types\/post"}],"author":[{"embeddable":true,"href":"https:\/\/www.adosa.es\/blog\/wp-json\/wp\/v2\/users\/1"}],"replies":[{"embeddable":true,"href":"https:\/\/www.adosa.es\/blog\/wp-json\/wp\/v2\/comments?post=2603"}],"version-history":[{"count":2,"href":"https:\/\/www.adosa.es\/blog\/wp-json\/wp\/v2\/posts\/2603\/revisions"}],"predecessor-version":[{"id":6220,"href":"https:\/\/www.adosa.es\/blog\/wp-json\/wp\/v2\/posts\/2603\/revisions\/6220"}],"wp:attachment":[{"href":"https:\/\/www.adosa.es\/blog\/wp-json\/wp\/v2\/media?parent=2603"}],"wp:term":[{"taxonomy":"category","embeddable":true,"href":"https:\/\/www.adosa.es\/blog\/wp-json\/wp\/v2\/categories?post=2603"},{"taxonomy":"post_tag","embeddable":true,"href":"https:\/\/www.adosa.es\/blog\/wp-json\/wp\/v2\/tags?post=2603"}],"curies":[{"name":"wp","href":"https:\/\/api.w.org\/{rel}","templated":true}]}}