{"id":2328,"date":"2017-03-07T08:16:09","date_gmt":"2017-03-07T08:16:09","guid":{"rendered":"http:\/\/www.adosa.es\/blog\/?p=2328"},"modified":"2023-10-26T09:08:21","modified_gmt":"2023-10-26T07:08:21","slug":"equipamiento-comercial-completo-para-la-tienda-de-cosmetica-natural-adonia","status":"publish","type":"post","link":"https:\/\/www.adosa.es\/blog\/equipamiento-comercial-completo-para-la-tienda-de-cosmetica-natural-adonia\/","title":{"rendered":"Equipamiento comercial completo para la tienda de cosm\u00e9tica natural Adonia"},"content":{"rendered":"\n<p>Adonia,&nbsp; la primera tienda de cosm\u00e9tica natural certificada en Espa\u00f1a, nos encarg\u00f3 el <strong>dise\u00f1o y la fabricaci\u00f3n del mobiliario integral<\/strong> para uno de sus establecimientos en Barcelona.<\/p>\n\n\n\n<p>Entre los productos fabricados para este comercio podemos encontrar:<\/p>\n\n\n\n<p>&#8211; Una mesa expositor con dos espejos integrados en la superficie.<\/p>\n\n\n\n<figure class=\"wp-block-gallery aligncenter has-nested-images columns-default is-cropped wp-block-gallery-1 is-layout-flex wp-block-gallery-is-layout-flex\">\n<figure class=\"wp-block-image size-large\"><img loading=\"lazy\" decoding=\"async\" width=\"1024\" height=\"809\" data-id=\"2334\" src=\"https:\/\/www.adosa.es\/blog\/wp-content\/uploads\/2017\/03\/IMG-20170228-WA0013-1024x809.jpg\" alt=\"Mesa expositor con espejos integrados\" class=\"wp-image-2334\" title=\"Mesa expositor con espejos integrados\" srcset=\"https:\/\/www.adosa.es\/blog\/wp-content\/uploads\/2017\/03\/IMG-20170228-WA0013-1024x809.jpg 1024w, https:\/\/www.adosa.es\/blog\/wp-content\/uploads\/2017\/03\/IMG-20170228-WA0013-300x237.jpg 300w, https:\/\/www.adosa.es\/blog\/wp-content\/uploads\/2017\/03\/IMG-20170228-WA0013-768x607.jpg 768w, https:\/\/www.adosa.es\/blog\/wp-content\/uploads\/2017\/03\/IMG-20170228-WA0013.jpg 1519w\" sizes=\"auto, (max-width: 1024px) 100vw, 1024px\" \/><\/figure>\n<\/figure>\n\n\n\n<p class=\"has-text-align-center\"><\/p>\n\n\n\n<!--more-->\n\n\n\n<p>Dos mostradores de hierro lacado con la superficie de apoyo de madera con el logo de la marca iluminado por&nbsp;luces LED.<\/p>\n\n\n<div class=\"wp-block-image\">\n<figure class=\"aligncenter size-large\"><img loading=\"lazy\" decoding=\"async\" width=\"1024\" height=\"576\" src=\"https:\/\/www.adosa.es\/blog\/wp-content\/uploads\/2017\/03\/20170223_171639-1024x576.jpg\" alt=\"Mobiliario para tienda de cosm\u00e9tica natural Adonia en Barcelona\" class=\"wp-image-2329\" title=\"Mobiliario para tienda de cosm\u00e9tica natural Adonia en Barcelona\" srcset=\"https:\/\/www.adosa.es\/blog\/wp-content\/uploads\/2017\/03\/20170223_171639-1024x576.jpg 1024w, https:\/\/www.adosa.es\/blog\/wp-content\/uploads\/2017\/03\/20170223_171639-300x169.jpg 300w, https:\/\/www.adosa.es\/blog\/wp-content\/uploads\/2017\/03\/20170223_171639-768x432.jpg 768w, https:\/\/www.adosa.es\/blog\/wp-content\/uploads\/2017\/03\/20170223_171639-1536x864.jpg 1536w, https:\/\/www.adosa.es\/blog\/wp-content\/uploads\/2017\/03\/20170223_171639-1568x882.jpg 1568w, https:\/\/www.adosa.es\/blog\/wp-content\/uploads\/2017\/03\/20170223_171639.jpg 2048w\" sizes=\"auto, (max-width: 1024px) 100vw, 1024px\" \/><\/figure>\n<\/div>\n\n\n<p><\/p>\n\n\n<div class=\"wp-block-image\">\n<figure class=\"aligncenter size-large\"><img loading=\"lazy\" decoding=\"async\" width=\"767\" height=\"1024\" src=\"https:\/\/www.adosa.es\/blog\/wp-content\/uploads\/2017\/03\/20170223_171631-767x1024.jpg\" alt=\"Mobiliario para tienda de cosm\u00e9tica natural Adonia en Barcelona\" class=\"wp-image-2330\" title=\"Mobiliario para tienda de cosm\u00e9tica natural Adonia en Barcelona\" srcset=\"https:\/\/www.adosa.es\/blog\/wp-content\/uploads\/2017\/03\/20170223_171631-767x1024.jpg 767w, https:\/\/www.adosa.es\/blog\/wp-content\/uploads\/2017\/03\/20170223_171631-225x300.jpg 225w, https:\/\/www.adosa.es\/blog\/wp-content\/uploads\/2017\/03\/20170223_171631-768x1025.jpg 768w, https:\/\/www.adosa.es\/blog\/wp-content\/uploads\/2017\/03\/20170223_171631-1151x1536.jpg 1151w, https:\/\/www.adosa.es\/blog\/wp-content\/uploads\/2017\/03\/20170223_171631.jpg 1152w\" sizes=\"auto, (max-width: 767px) 100vw, 767px\" \/><\/figure>\n<\/div>\n\n\n<p>Dos r\u00f3tulos en hierro lacado gris claro con luces LED con el logo de la marca grabado.<\/p>\n\n\n<div class=\"wp-block-image\">\n<figure class=\"aligncenter size-large\"><img loading=\"lazy\" decoding=\"async\" width=\"1024\" height=\"637\" src=\"https:\/\/www.adosa.es\/blog\/wp-content\/uploads\/2017\/03\/20170223_171059-1024x637.jpg\" alt=\"R\u00f3tulos en hierro lacado gris claro con logo de la marca iluminado LED\" class=\"wp-image-2332\" title=\"R\u00f3tulos en hierro lacado gris claro con logo de la marca iluminado LED\" srcset=\"https:\/\/www.adosa.es\/blog\/wp-content\/uploads\/2017\/03\/20170223_171059-1024x637.jpg 1024w, https:\/\/www.adosa.es\/blog\/wp-content\/uploads\/2017\/03\/20170223_171059-300x187.jpg 300w, https:\/\/www.adosa.es\/blog\/wp-content\/uploads\/2017\/03\/20170223_171059-768x478.jpg 768w, https:\/\/www.adosa.es\/blog\/wp-content\/uploads\/2017\/03\/20170223_171059-1536x955.jpg 1536w, https:\/\/www.adosa.es\/blog\/wp-content\/uploads\/2017\/03\/20170223_171059-1568x975.jpg 1568w, https:\/\/www.adosa.es\/blog\/wp-content\/uploads\/2017\/03\/20170223_171059.jpg 1852w\" sizes=\"auto, (max-width: 1024px) 100vw, 1024px\" \/><\/figure>\n<\/div>\n\n<div class=\"wp-block-image\">\n<figure class=\"aligncenter size-large\"><img loading=\"lazy\" decoding=\"async\" width=\"905\" height=\"1024\" src=\"https:\/\/www.adosa.es\/blog\/wp-content\/uploads\/2017\/03\/20170223_171031-905x1024.jpg\" alt=\"R\u00f3tulos en hierro lacado gris claro con logo de la marca iluminado LED\" class=\"wp-image-2333\" title=\"R\u00f3tulos en hierro lacado gris claro con logo de la marca iluminado LED\" srcset=\"https:\/\/www.adosa.es\/blog\/wp-content\/uploads\/2017\/03\/20170223_171031-905x1024.jpg 905w, https:\/\/www.adosa.es\/blog\/wp-content\/uploads\/2017\/03\/20170223_171031-265x300.jpg 265w, https:\/\/www.adosa.es\/blog\/wp-content\/uploads\/2017\/03\/20170223_171031-768x869.jpg 768w, https:\/\/www.adosa.es\/blog\/wp-content\/uploads\/2017\/03\/20170223_171031.jpg 1152w\" sizes=\"auto, (max-width: 905px) 100vw, 905px\" \/><\/figure>\n<\/div>\n\n\n<p>Varias mesas con patas en hierro lacado negro con un dise\u00f1o minimalista y doble superficie de madera, una superpuesta a la otra a modo de expositor. Ofreciendo as\u00ed un cambio en la imagen de la exposici\u00f3n de productos usual.<\/p>\n\n\n<div class=\"wp-block-image\">\n<figure class=\"aligncenter size-large\"><img loading=\"lazy\" decoding=\"async\" width=\"1024\" height=\"648\" src=\"https:\/\/www.adosa.es\/blog\/wp-content\/uploads\/2017\/03\/20170223_171810-1024x648.jpg\" alt=\"Estanter\u00edas y mesas-expositor\" class=\"wp-image-2335\" title=\"Estanter\u00edas y mesas-expositor\" srcset=\"https:\/\/www.adosa.es\/blog\/wp-content\/uploads\/2017\/03\/20170223_171810-1024x648.jpg 1024w, https:\/\/www.adosa.es\/blog\/wp-content\/uploads\/2017\/03\/20170223_171810-300x190.jpg 300w, https:\/\/www.adosa.es\/blog\/wp-content\/uploads\/2017\/03\/20170223_171810-768x486.jpg 768w, https:\/\/www.adosa.es\/blog\/wp-content\/uploads\/2017\/03\/20170223_171810-1536x972.jpg 1536w, https:\/\/www.adosa.es\/blog\/wp-content\/uploads\/2017\/03\/20170223_171810-1568x992.jpg 1568w, https:\/\/www.adosa.es\/blog\/wp-content\/uploads\/2017\/03\/20170223_171810.jpg 1820w\" sizes=\"auto, (max-width: 1024px) 100vw, 1024px\" \/><\/figure>\n<\/div>\n\n<div class=\"wp-block-image\">\n<figure class=\"aligncenter size-large\"><img loading=\"lazy\" decoding=\"async\" width=\"1024\" height=\"661\" src=\"https:\/\/www.adosa.es\/blog\/wp-content\/uploads\/2017\/03\/20170223_1719470-1024x661.jpg\" alt=\"Estanter\u00edas y mesas-expositor\" class=\"wp-image-2344\" title=\"Estanter\u00edas y mesas-expositor\" srcset=\"https:\/\/www.adosa.es\/blog\/wp-content\/uploads\/2017\/03\/20170223_1719470-1024x661.jpg 1024w, https:\/\/www.adosa.es\/blog\/wp-content\/uploads\/2017\/03\/20170223_1719470-300x194.jpg 300w, https:\/\/www.adosa.es\/blog\/wp-content\/uploads\/2017\/03\/20170223_1719470-768x496.jpg 768w, https:\/\/www.adosa.es\/blog\/wp-content\/uploads\/2017\/03\/20170223_1719470-1536x992.jpg 1536w, https:\/\/www.adosa.es\/blog\/wp-content\/uploads\/2017\/03\/20170223_1719470-1568x1013.jpg 1568w, https:\/\/www.adosa.es\/blog\/wp-content\/uploads\/2017\/03\/20170223_1719470.jpg 1784w\" sizes=\"auto, (max-width: 1024px) 100vw, 1024px\" \/><\/figure>\n<\/div>\n\n<div class=\"wp-block-image\">\n<figure class=\"aligncenter size-large\"><img loading=\"lazy\" decoding=\"async\" width=\"725\" height=\"1024\" src=\"https:\/\/www.adosa.es\/blog\/wp-content\/uploads\/2017\/03\/20170223_171721-725x1024.jpg\" alt=\"Estanter\u00edas y mesas-expositor\" class=\"wp-image-2346\" title=\"Estanter\u00edas y mesas-expositor\" srcset=\"https:\/\/www.adosa.es\/blog\/wp-content\/uploads\/2017\/03\/20170223_171721-725x1024.jpg 725w, https:\/\/www.adosa.es\/blog\/wp-content\/uploads\/2017\/03\/20170223_171721-212x300.jpg 212w, https:\/\/www.adosa.es\/blog\/wp-content\/uploads\/2017\/03\/20170223_171721-768x1085.jpg 768w, https:\/\/www.adosa.es\/blog\/wp-content\/uploads\/2017\/03\/20170223_171721-1087x1536.jpg 1087w, https:\/\/www.adosa.es\/blog\/wp-content\/uploads\/2017\/03\/20170223_171721.jpg 1152w\" sizes=\"auto, (max-width: 725px) 100vw, 725px\" \/><\/figure>\n<\/div>","protected":false},"excerpt":{"rendered":"<p>Adonia,&nbsp; la primera tienda de cosm\u00e9tica natural certificada en Espa\u00f1a, nos encarg\u00f3 el dise\u00f1o y la fabricaci\u00f3n del mobiliario integral para uno de sus establecimientos en Barcelona. Entre los productos fabricados para este comercio podemos encontrar: &#8211; Una mesa expositor con dos espejos integrados en la superficie.<\/p>\n","protected":false},"author":1,"featured_media":0,"comment_status":"closed","ping_status":"closed","sticky":false,"template":"","format":"standard","meta":{"footnotes":""},"categories":[153],"tags":[],"class_list":["post-2328","post","type-post","status-publish","format-standard","hentry","category-diseno-de-interiores"],"yoast_head":"<!-- This site is optimized with the Yoast SEO plugin v27.5 - https:\/\/yoast.com\/product\/yoast-seo-wordpress\/ -->\n<title>Equipamiento comercial completo para la tienda de cosm\u00e9tica natural Adonia - ADO Blog<\/title>\n<meta name=\"description\" content=\"Adonia nos encarg\u00f3 el dise\u00f1o y la fabricaci\u00f3n del mobiliario integral para uno de sus establecimientos en Barcelona.\" \/>\n<meta name=\"robots\" content=\"index, follow, max-snippet:-1, max-image-preview:large, max-video-preview:-1\" \/>\n<link rel=\"canonical\" href=\"https:\/\/www.adosa.es\/blog\/equipamiento-comercial-completo-para-la-tienda-de-cosmetica-natural-adonia\/\" \/>\n<meta property=\"og:locale\" content=\"es_ES\" \/>\n<meta property=\"og:type\" content=\"article\" \/>\n<meta property=\"og:title\" content=\"Equipamiento comercial completo para la tienda de cosm\u00e9tica natural Adonia - ADO Blog\" \/>\n<meta property=\"og:description\" content=\"Adonia nos encarg\u00f3 el dise\u00f1o y la fabricaci\u00f3n del mobiliario integral para uno de sus establecimientos en Barcelona.\" \/>\n<meta property=\"og:url\" content=\"https:\/\/www.adosa.es\/blog\/equipamiento-comercial-completo-para-la-tienda-de-cosmetica-natural-adonia\/\" \/>\n<meta property=\"og:site_name\" content=\"ADO Blog\" \/>\n<meta property=\"article:publisher\" content=\"https:\/\/www.facebook.com\/adobcn1\/\" \/>\n<meta property=\"article:published_time\" content=\"2017-03-07T08:16:09+00:00\" \/>\n<meta property=\"article:modified_time\" content=\"2023-10-26T07:08:21+00:00\" \/>\n<meta property=\"og:image\" content=\"https:\/\/www.adosa.es\/blog\/wp-content\/uploads\/2017\/03\/IMG-20170228-WA0013-1024x809.jpg\" \/>\n<meta name=\"author\" content=\"adosa\" \/>\n<meta name=\"twitter:card\" content=\"summary_large_image\" \/>\n<meta name=\"twitter:creator\" content=\"@Adobcn\" \/>\n<meta name=\"twitter:site\" content=\"@Adobcn\" \/>\n<meta name=\"twitter:label1\" content=\"Escrito por\" \/>\n\t<meta name=\"twitter:data1\" content=\"adosa\" \/>\n\t<meta name=\"twitter:label2\" content=\"Tiempo de lectura\" \/>\n\t<meta name=\"twitter:data2\" content=\"3 minutos\" \/>\n<script type=\"application\/ld+json\" class=\"yoast-schema-graph\">{\"@context\":\"https:\\\/\\\/schema.org\",\"@graph\":[{\"@type\":\"Article\",\"@id\":\"https:\\\/\\\/www.adosa.es\\\/blog\\\/equipamiento-comercial-completo-para-la-tienda-de-cosmetica-natural-adonia\\\/#article\",\"isPartOf\":{\"@id\":\"https:\\\/\\\/www.adosa.es\\\/blog\\\/equipamiento-comercial-completo-para-la-tienda-de-cosmetica-natural-adonia\\\/\"},\"author\":{\"name\":\"adosa\",\"@id\":\"https:\\\/\\\/www.adosa.es\\\/blog\\\/#\\\/schema\\\/person\\\/81eafc1325fbcc103884a7dfefe3802d\"},\"headline\":\"Equipamiento comercial completo para la tienda de cosm\u00e9tica natural Adonia\",\"datePublished\":\"2017-03-07T08:16:09+00:00\",\"dateModified\":\"2023-10-26T07:08:21+00:00\",\"mainEntityOfPage\":{\"@id\":\"https:\\\/\\\/www.adosa.es\\\/blog\\\/equipamiento-comercial-completo-para-la-tienda-de-cosmetica-natural-adonia\\\/\"},\"wordCount\":145,\"publisher\":{\"@id\":\"https:\\\/\\\/www.adosa.es\\\/blog\\\/#organization\"},\"image\":{\"@id\":\"https:\\\/\\\/www.adosa.es\\\/blog\\\/equipamiento-comercial-completo-para-la-tienda-de-cosmetica-natural-adonia\\\/#primaryimage\"},\"thumbnailUrl\":\"https:\\\/\\\/www.adosa.es\\\/blog\\\/wp-content\\\/uploads\\\/2017\\\/03\\\/IMG-20170228-WA0013-1024x809.jpg\",\"articleSection\":[\"Dise\u00f1o de interiores\"],\"inLanguage\":\"es\"},{\"@type\":\"WebPage\",\"@id\":\"https:\\\/\\\/www.adosa.es\\\/blog\\\/equipamiento-comercial-completo-para-la-tienda-de-cosmetica-natural-adonia\\\/\",\"url\":\"https:\\\/\\\/www.adosa.es\\\/blog\\\/equipamiento-comercial-completo-para-la-tienda-de-cosmetica-natural-adonia\\\/\",\"name\":\"Equipamiento comercial completo para la tienda de cosm\u00e9tica natural Adonia - ADO Blog\",\"isPartOf\":{\"@id\":\"https:\\\/\\\/www.adosa.es\\\/blog\\\/#website\"},\"primaryImageOfPage\":{\"@id\":\"https:\\\/\\\/www.adosa.es\\\/blog\\\/equipamiento-comercial-completo-para-la-tienda-de-cosmetica-natural-adonia\\\/#primaryimage\"},\"image\":{\"@id\":\"https:\\\/\\\/www.adosa.es\\\/blog\\\/equipamiento-comercial-completo-para-la-tienda-de-cosmetica-natural-adonia\\\/#primaryimage\"},\"thumbnailUrl\":\"https:\\\/\\\/www.adosa.es\\\/blog\\\/wp-content\\\/uploads\\\/2017\\\/03\\\/IMG-20170228-WA0013-1024x809.jpg\",\"datePublished\":\"2017-03-07T08:16:09+00:00\",\"dateModified\":\"2023-10-26T07:08:21+00:00\",\"description\":\"Adonia nos encarg\u00f3 el dise\u00f1o y la fabricaci\u00f3n del mobiliario integral para uno de sus establecimientos en Barcelona.\",\"breadcrumb\":{\"@id\":\"https:\\\/\\\/www.adosa.es\\\/blog\\\/equipamiento-comercial-completo-para-la-tienda-de-cosmetica-natural-adonia\\\/#breadcrumb\"},\"inLanguage\":\"es\",\"potentialAction\":[{\"@type\":\"ReadAction\",\"target\":[\"https:\\\/\\\/www.adosa.es\\\/blog\\\/equipamiento-comercial-completo-para-la-tienda-de-cosmetica-natural-adonia\\\/\"]}]},{\"@type\":\"ImageObject\",\"inLanguage\":\"es\",\"@id\":\"https:\\\/\\\/www.adosa.es\\\/blog\\\/equipamiento-comercial-completo-para-la-tienda-de-cosmetica-natural-adonia\\\/#primaryimage\",\"url\":\"https:\\\/\\\/www.adosa.es\\\/blog\\\/wp-content\\\/uploads\\\/2017\\\/03\\\/IMG-20170228-WA0013.jpg\",\"contentUrl\":\"https:\\\/\\\/www.adosa.es\\\/blog\\\/wp-content\\\/uploads\\\/2017\\\/03\\\/IMG-20170228-WA0013.jpg\",\"width\":1519,\"height\":1200},{\"@type\":\"BreadcrumbList\",\"@id\":\"https:\\\/\\\/www.adosa.es\\\/blog\\\/equipamiento-comercial-completo-para-la-tienda-de-cosmetica-natural-adonia\\\/#breadcrumb\",\"itemListElement\":[{\"@type\":\"ListItem\",\"position\":1,\"name\":\"Portada\",\"item\":\"https:\\\/\\\/www.adosa.es\\\/blog\\\/\"},{\"@type\":\"ListItem\",\"position\":2,\"name\":\"Equipamiento comercial completo para la tienda de cosm\u00e9tica natural Adonia\"}]},{\"@type\":\"WebSite\",\"@id\":\"https:\\\/\\\/www.adosa.es\\\/blog\\\/#website\",\"url\":\"https:\\\/\\\/www.adosa.es\\\/blog\\\/\",\"name\":\"ADO Blog\",\"description\":\"\",\"publisher\":{\"@id\":\"https:\\\/\\\/www.adosa.es\\\/blog\\\/#organization\"},\"alternateName\":\"Ado blog corporativo\",\"potentialAction\":[{\"@type\":\"SearchAction\",\"target\":{\"@type\":\"EntryPoint\",\"urlTemplate\":\"https:\\\/\\\/www.adosa.es\\\/blog\\\/?s={search_term_string}\"},\"query-input\":{\"@type\":\"PropertyValueSpecification\",\"valueRequired\":true,\"valueName\":\"search_term_string\"}}],\"inLanguage\":\"es\"},{\"@type\":\"Organization\",\"@id\":\"https:\\\/\\\/www.adosa.es\\\/blog\\\/#organization\",\"name\":\"ADO Blog\",\"url\":\"https:\\\/\\\/www.adosa.es\\\/blog\\\/\",\"logo\":{\"@type\":\"ImageObject\",\"inLanguage\":\"es\",\"@id\":\"https:\\\/\\\/www.adosa.es\\\/blog\\\/#\\\/schema\\\/logo\\\/image\\\/\",\"url\":\"https:\\\/\\\/www.adosa.es\\\/blog\\\/wp-content\\\/uploads\\\/2023\\\/10\\\/ado.png\",\"contentUrl\":\"https:\\\/\\\/www.adosa.es\\\/blog\\\/wp-content\\\/uploads\\\/2023\\\/10\\\/ado.png\",\"width\":193,\"height\":101,\"caption\":\"ADO Blog\"},\"image\":{\"@id\":\"https:\\\/\\\/www.adosa.es\\\/blog\\\/#\\\/schema\\\/logo\\\/image\\\/\"},\"sameAs\":[\"https:\\\/\\\/www.facebook.com\\\/adobcn1\\\/\",\"https:\\\/\\\/x.com\\\/Adobcn\",\"https:\\\/\\\/www.instagram.com\\\/ado_cerramientos_metalicos\\\/\",\"https:\\\/\\\/www.flickr.com\\\/photos\\\/adocerramientosmetalicos\",\"https:\\\/\\\/www.pinterest.es\\\/adocerramientos\\\/\",\"https:\\\/\\\/www.linkedin.com\\\/company\\\/2141531\\\/admin\\\/feed\\\/posts\\\/\",\"https:\\\/\\\/www.youtube.com\\\/user\\\/adosa2010\"]},{\"@type\":\"Person\",\"@id\":\"https:\\\/\\\/www.adosa.es\\\/blog\\\/#\\\/schema\\\/person\\\/81eafc1325fbcc103884a7dfefe3802d\",\"name\":\"adosa\",\"image\":{\"@type\":\"ImageObject\",\"inLanguage\":\"es\",\"@id\":\"https:\\\/\\\/secure.gravatar.com\\\/avatar\\\/d6d888f49f452edf67f2cba46f345d128154016f2e15749dd5b837e034803083?s=96&d=mm&r=g\",\"url\":\"https:\\\/\\\/secure.gravatar.com\\\/avatar\\\/d6d888f49f452edf67f2cba46f345d128154016f2e15749dd5b837e034803083?s=96&d=mm&r=g\",\"contentUrl\":\"https:\\\/\\\/secure.gravatar.com\\\/avatar\\\/d6d888f49f452edf67f2cba46f345d128154016f2e15749dd5b837e034803083?s=96&d=mm&r=g\",\"caption\":\"adosa\"},\"sameAs\":[\"https:\\\/\\\/www.adosa.es\\\/blog\"],\"url\":\"https:\\\/\\\/www.adosa.es\\\/blog\\\/author\\\/adosa\\\/\"}]}<\/script>\n<!-- \/ Yoast SEO plugin. -->","yoast_head_json":{"title":"Equipamiento comercial completo para la tienda de cosm\u00e9tica natural Adonia - ADO Blog","description":"Adonia nos encarg\u00f3 el dise\u00f1o y la fabricaci\u00f3n del mobiliario integral para uno de sus establecimientos en Barcelona.","robots":{"index":"index","follow":"follow","max-snippet":"max-snippet:-1","max-image-preview":"max-image-preview:large","max-video-preview":"max-video-preview:-1"},"canonical":"https:\/\/www.adosa.es\/blog\/equipamiento-comercial-completo-para-la-tienda-de-cosmetica-natural-adonia\/","og_locale":"es_ES","og_type":"article","og_title":"Equipamiento comercial completo para la tienda de cosm\u00e9tica natural Adonia - ADO Blog","og_description":"Adonia nos encarg\u00f3 el dise\u00f1o y la fabricaci\u00f3n del mobiliario integral para uno de sus establecimientos en Barcelona.","og_url":"https:\/\/www.adosa.es\/blog\/equipamiento-comercial-completo-para-la-tienda-de-cosmetica-natural-adonia\/","og_site_name":"ADO Blog","article_publisher":"https:\/\/www.facebook.com\/adobcn1\/","article_published_time":"2017-03-07T08:16:09+00:00","article_modified_time":"2023-10-26T07:08:21+00:00","og_image":[{"url":"https:\/\/www.adosa.es\/blog\/wp-content\/uploads\/2017\/03\/IMG-20170228-WA0013-1024x809.jpg","type":"","width":"","height":""}],"author":"adosa","twitter_card":"summary_large_image","twitter_creator":"@Adobcn","twitter_site":"@Adobcn","twitter_misc":{"Escrito por":"adosa","Tiempo de lectura":"3 minutos"},"schema":{"@context":"https:\/\/schema.org","@graph":[{"@type":"Article","@id":"https:\/\/www.adosa.es\/blog\/equipamiento-comercial-completo-para-la-tienda-de-cosmetica-natural-adonia\/#article","isPartOf":{"@id":"https:\/\/www.adosa.es\/blog\/equipamiento-comercial-completo-para-la-tienda-de-cosmetica-natural-adonia\/"},"author":{"name":"adosa","@id":"https:\/\/www.adosa.es\/blog\/#\/schema\/person\/81eafc1325fbcc103884a7dfefe3802d"},"headline":"Equipamiento comercial completo para la tienda de cosm\u00e9tica natural Adonia","datePublished":"2017-03-07T08:16:09+00:00","dateModified":"2023-10-26T07:08:21+00:00","mainEntityOfPage":{"@id":"https:\/\/www.adosa.es\/blog\/equipamiento-comercial-completo-para-la-tienda-de-cosmetica-natural-adonia\/"},"wordCount":145,"publisher":{"@id":"https:\/\/www.adosa.es\/blog\/#organization"},"image":{"@id":"https:\/\/www.adosa.es\/blog\/equipamiento-comercial-completo-para-la-tienda-de-cosmetica-natural-adonia\/#primaryimage"},"thumbnailUrl":"https:\/\/www.adosa.es\/blog\/wp-content\/uploads\/2017\/03\/IMG-20170228-WA0013-1024x809.jpg","articleSection":["Dise\u00f1o de interiores"],"inLanguage":"es"},{"@type":"WebPage","@id":"https:\/\/www.adosa.es\/blog\/equipamiento-comercial-completo-para-la-tienda-de-cosmetica-natural-adonia\/","url":"https:\/\/www.adosa.es\/blog\/equipamiento-comercial-completo-para-la-tienda-de-cosmetica-natural-adonia\/","name":"Equipamiento comercial completo para la tienda de cosm\u00e9tica natural Adonia - ADO Blog","isPartOf":{"@id":"https:\/\/www.adosa.es\/blog\/#website"},"primaryImageOfPage":{"@id":"https:\/\/www.adosa.es\/blog\/equipamiento-comercial-completo-para-la-tienda-de-cosmetica-natural-adonia\/#primaryimage"},"image":{"@id":"https:\/\/www.adosa.es\/blog\/equipamiento-comercial-completo-para-la-tienda-de-cosmetica-natural-adonia\/#primaryimage"},"thumbnailUrl":"https:\/\/www.adosa.es\/blog\/wp-content\/uploads\/2017\/03\/IMG-20170228-WA0013-1024x809.jpg","datePublished":"2017-03-07T08:16:09+00:00","dateModified":"2023-10-26T07:08:21+00:00","description":"Adonia nos encarg\u00f3 el dise\u00f1o y la fabricaci\u00f3n del mobiliario integral para uno de sus establecimientos en Barcelona.","breadcrumb":{"@id":"https:\/\/www.adosa.es\/blog\/equipamiento-comercial-completo-para-la-tienda-de-cosmetica-natural-adonia\/#breadcrumb"},"inLanguage":"es","potentialAction":[{"@type":"ReadAction","target":["https:\/\/www.adosa.es\/blog\/equipamiento-comercial-completo-para-la-tienda-de-cosmetica-natural-adonia\/"]}]},{"@type":"ImageObject","inLanguage":"es","@id":"https:\/\/www.adosa.es\/blog\/equipamiento-comercial-completo-para-la-tienda-de-cosmetica-natural-adonia\/#primaryimage","url":"https:\/\/www.adosa.es\/blog\/wp-content\/uploads\/2017\/03\/IMG-20170228-WA0013.jpg","contentUrl":"https:\/\/www.adosa.es\/blog\/wp-content\/uploads\/2017\/03\/IMG-20170228-WA0013.jpg","width":1519,"height":1200},{"@type":"BreadcrumbList","@id":"https:\/\/www.adosa.es\/blog\/equipamiento-comercial-completo-para-la-tienda-de-cosmetica-natural-adonia\/#breadcrumb","itemListElement":[{"@type":"ListItem","position":1,"name":"Portada","item":"https:\/\/www.adosa.es\/blog\/"},{"@type":"ListItem","position":2,"name":"Equipamiento comercial completo para la tienda de cosm\u00e9tica natural Adonia"}]},{"@type":"WebSite","@id":"https:\/\/www.adosa.es\/blog\/#website","url":"https:\/\/www.adosa.es\/blog\/","name":"ADO Blog","description":"","publisher":{"@id":"https:\/\/www.adosa.es\/blog\/#organization"},"alternateName":"Ado blog corporativo","potentialAction":[{"@type":"SearchAction","target":{"@type":"EntryPoint","urlTemplate":"https:\/\/www.adosa.es\/blog\/?s={search_term_string}"},"query-input":{"@type":"PropertyValueSpecification","valueRequired":true,"valueName":"search_term_string"}}],"inLanguage":"es"},{"@type":"Organization","@id":"https:\/\/www.adosa.es\/blog\/#organization","name":"ADO Blog","url":"https:\/\/www.adosa.es\/blog\/","logo":{"@type":"ImageObject","inLanguage":"es","@id":"https:\/\/www.adosa.es\/blog\/#\/schema\/logo\/image\/","url":"https:\/\/www.adosa.es\/blog\/wp-content\/uploads\/2023\/10\/ado.png","contentUrl":"https:\/\/www.adosa.es\/blog\/wp-content\/uploads\/2023\/10\/ado.png","width":193,"height":101,"caption":"ADO Blog"},"image":{"@id":"https:\/\/www.adosa.es\/blog\/#\/schema\/logo\/image\/"},"sameAs":["https:\/\/www.facebook.com\/adobcn1\/","https:\/\/x.com\/Adobcn","https:\/\/www.instagram.com\/ado_cerramientos_metalicos\/","https:\/\/www.flickr.com\/photos\/adocerramientosmetalicos","https:\/\/www.pinterest.es\/adocerramientos\/","https:\/\/www.linkedin.com\/company\/2141531\/admin\/feed\/posts\/","https:\/\/www.youtube.com\/user\/adosa2010"]},{"@type":"Person","@id":"https:\/\/www.adosa.es\/blog\/#\/schema\/person\/81eafc1325fbcc103884a7dfefe3802d","name":"adosa","image":{"@type":"ImageObject","inLanguage":"es","@id":"https:\/\/secure.gravatar.com\/avatar\/d6d888f49f452edf67f2cba46f345d128154016f2e15749dd5b837e034803083?s=96&d=mm&r=g","url":"https:\/\/secure.gravatar.com\/avatar\/d6d888f49f452edf67f2cba46f345d128154016f2e15749dd5b837e034803083?s=96&d=mm&r=g","contentUrl":"https:\/\/secure.gravatar.com\/avatar\/d6d888f49f452edf67f2cba46f345d128154016f2e15749dd5b837e034803083?s=96&d=mm&r=g","caption":"adosa"},"sameAs":["https:\/\/www.adosa.es\/blog"],"url":"https:\/\/www.adosa.es\/blog\/author\/adosa\/"}]}},"_links":{"self":[{"href":"https:\/\/www.adosa.es\/blog\/wp-json\/wp\/v2\/posts\/2328","targetHints":{"allow":["GET"]}}],"collection":[{"href":"https:\/\/www.adosa.es\/blog\/wp-json\/wp\/v2\/posts"}],"about":[{"href":"https:\/\/www.adosa.es\/blog\/wp-json\/wp\/v2\/types\/post"}],"author":[{"embeddable":true,"href":"https:\/\/www.adosa.es\/blog\/wp-json\/wp\/v2\/users\/1"}],"replies":[{"embeddable":true,"href":"https:\/\/www.adosa.es\/blog\/wp-json\/wp\/v2\/comments?post=2328"}],"version-history":[{"count":3,"href":"https:\/\/www.adosa.es\/blog\/wp-json\/wp\/v2\/posts\/2328\/revisions"}],"predecessor-version":[{"id":6207,"href":"https:\/\/www.adosa.es\/blog\/wp-json\/wp\/v2\/posts\/2328\/revisions\/6207"}],"wp:attachment":[{"href":"https:\/\/www.adosa.es\/blog\/wp-json\/wp\/v2\/media?parent=2328"}],"wp:term":[{"taxonomy":"category","embeddable":true,"href":"https:\/\/www.adosa.es\/blog\/wp-json\/wp\/v2\/categories?post=2328"},{"taxonomy":"post_tag","embeddable":true,"href":"https:\/\/www.adosa.es\/blog\/wp-json\/wp\/v2\/tags?post=2328"}],"curies":[{"name":"wp","href":"https:\/\/api.w.org\/{rel}","templated":true}]}}