{"id":2104,"date":"2016-06-28T13:10:38","date_gmt":"2016-06-28T13:10:38","guid":{"rendered":"http:\/\/www.adosa.es\/blog\/?p=2104"},"modified":"2023-10-17T10:02:23","modified_gmt":"2023-10-17T08:02:23","slug":"porticos-de-control-de-galibo","status":"publish","type":"post","link":"https:\/\/www.adosa.es\/blog\/porticos-de-control-de-galibo\/","title":{"rendered":"P\u00f3rticos control de g\u00e1libo"},"content":{"rendered":"\n<p>Fabricantes e instaladores de p\u00f3rticos limitadores de altura m\u00e1xima de g\u00e1libo para parkings, centros comerciales, recintos privados,&#8230;<\/p>\n\n\n\n<figure class=\"wp-block-gallery aligncenter has-nested-images columns-default is-cropped wp-block-gallery-1 is-layout-flex wp-block-gallery-is-layout-flex\">\n<figure class=\"wp-block-image size-large\"><a href=\"https:\/\/www.adosa.es\/cerrajeria\/portico-senalizador-control-galibo.html\" target=\"_blank\" rel=\"noopener noreferrer\"><img loading=\"lazy\" decoding=\"async\" width=\"659\" height=\"213\" data-id=\"2105\" src=\"https:\/\/www.adosa.es\/blog\/wp-content\/uploads\/2016\/06\/porticos-control-galibo.jpg\" alt=\"porticos-control-galibo\" class=\"wp-image-2105\" srcset=\"https:\/\/www.adosa.es\/blog\/wp-content\/uploads\/2016\/06\/porticos-control-galibo.jpg 659w, https:\/\/www.adosa.es\/blog\/wp-content\/uploads\/2016\/06\/porticos-control-galibo-300x97.jpg 300w\" sizes=\"auto, (max-width: 659px) 100vw, 659px\" \/><\/a><\/figure>\n<\/figure>\n\n\n\n<p><\/p>\n\n\n\n<p><a href=\"https:\/\/www.adosa.es\/cerrajeria\/portico-senalizador-control-galibo.html\" target=\"_blank\" rel=\"noopener noreferrer\">Ver informaci\u00f3n del producto<\/a><\/p>\n","protected":false},"excerpt":{"rendered":"<p>Fabricantes e instaladores de p\u00f3rticos limitadores de altura m\u00e1xima de g\u00e1libo para parkings, centros comerciales, recintos privados,&#8230; Ver informaci\u00f3n del producto<\/p>\n","protected":false},"author":1,"featured_media":0,"comment_status":"closed","ping_status":"closed","sticky":false,"template":"","format":"standard","meta":{"footnotes":""},"categories":[13,47],"tags":[],"class_list":["post-2104","post","type-post","status-publish","format-standard","hentry","category-instalaciones","category-cerrajeria"],"yoast_head":"<!-- This site is optimized with the Yoast SEO plugin v27.5 - https:\/\/yoast.com\/product\/yoast-seo-wordpress\/ -->\n<title>P\u00f3rticos control de g\u00e1libo - ADO Blog<\/title>\n<meta name=\"description\" content=\"Fabricantes e instaladores de p\u00f3rticos limitadores de altura m\u00e1xima de g\u00e1libo para parkings, centros comerciales, recintos privados,...\" \/>\n<meta name=\"robots\" content=\"index, follow, max-snippet:-1, max-image-preview:large, max-video-preview:-1\" \/>\n<link rel=\"canonical\" href=\"https:\/\/www.adosa.es\/blog\/porticos-de-control-de-galibo\/\" \/>\n<meta property=\"og:locale\" content=\"es_ES\" \/>\n<meta property=\"og:type\" content=\"article\" \/>\n<meta property=\"og:title\" content=\"P\u00f3rticos control de g\u00e1libo - ADO Blog\" \/>\n<meta property=\"og:description\" content=\"Fabricantes e instaladores de p\u00f3rticos limitadores de altura m\u00e1xima de g\u00e1libo para parkings, centros comerciales, recintos privados,...\" \/>\n<meta property=\"og:url\" content=\"https:\/\/www.adosa.es\/blog\/porticos-de-control-de-galibo\/\" \/>\n<meta property=\"og:site_name\" content=\"ADO Blog\" \/>\n<meta property=\"article:publisher\" content=\"https:\/\/www.facebook.com\/adobcn1\/\" \/>\n<meta property=\"article:published_time\" content=\"2016-06-28T13:10:38+00:00\" \/>\n<meta property=\"article:modified_time\" content=\"2023-10-17T08:02:23+00:00\" \/>\n<meta property=\"og:image\" content=\"https:\/\/www.adosa.es\/blog\/wp-content\/uploads\/2016\/06\/porticos-control-galibo.jpg\" \/>\n<meta name=\"author\" content=\"adosa\" \/>\n<meta name=\"twitter:card\" content=\"summary_large_image\" \/>\n<meta name=\"twitter:creator\" content=\"@Adobcn\" \/>\n<meta name=\"twitter:site\" content=\"@Adobcn\" \/>\n<meta name=\"twitter:label1\" content=\"Escrito por\" \/>\n\t<meta name=\"twitter:data1\" content=\"adosa\" \/>\n\t<meta name=\"twitter:label2\" content=\"Tiempo de lectura\" \/>\n\t<meta name=\"twitter:data2\" content=\"1 minuto\" \/>\n<script type=\"application\/ld+json\" class=\"yoast-schema-graph\">{\"@context\":\"https:\\\/\\\/schema.org\",\"@graph\":[{\"@type\":\"Article\",\"@id\":\"https:\\\/\\\/www.adosa.es\\\/blog\\\/porticos-de-control-de-galibo\\\/#article\",\"isPartOf\":{\"@id\":\"https:\\\/\\\/www.adosa.es\\\/blog\\\/porticos-de-control-de-galibo\\\/\"},\"author\":{\"name\":\"adosa\",\"@id\":\"https:\\\/\\\/www.adosa.es\\\/blog\\\/#\\\/schema\\\/person\\\/81eafc1325fbcc103884a7dfefe3802d\"},\"headline\":\"P\u00f3rticos control de g\u00e1libo\",\"datePublished\":\"2016-06-28T13:10:38+00:00\",\"dateModified\":\"2023-10-17T08:02:23+00:00\",\"mainEntityOfPage\":{\"@id\":\"https:\\\/\\\/www.adosa.es\\\/blog\\\/porticos-de-control-de-galibo\\\/\"},\"wordCount\":31,\"publisher\":{\"@id\":\"https:\\\/\\\/www.adosa.es\\\/blog\\\/#organization\"},\"image\":{\"@id\":\"https:\\\/\\\/www.adosa.es\\\/blog\\\/porticos-de-control-de-galibo\\\/#primaryimage\"},\"thumbnailUrl\":\"https:\\\/\\\/www.adosa.es\\\/blog\\\/wp-content\\\/uploads\\\/2016\\\/06\\\/porticos-control-galibo.jpg\",\"articleSection\":[\"Instalaciones\",\"Cerrajer\u00eda\"],\"inLanguage\":\"es\"},{\"@type\":\"WebPage\",\"@id\":\"https:\\\/\\\/www.adosa.es\\\/blog\\\/porticos-de-control-de-galibo\\\/\",\"url\":\"https:\\\/\\\/www.adosa.es\\\/blog\\\/porticos-de-control-de-galibo\\\/\",\"name\":\"P\u00f3rticos control de g\u00e1libo - ADO Blog\",\"isPartOf\":{\"@id\":\"https:\\\/\\\/www.adosa.es\\\/blog\\\/#website\"},\"primaryImageOfPage\":{\"@id\":\"https:\\\/\\\/www.adosa.es\\\/blog\\\/porticos-de-control-de-galibo\\\/#primaryimage\"},\"image\":{\"@id\":\"https:\\\/\\\/www.adosa.es\\\/blog\\\/porticos-de-control-de-galibo\\\/#primaryimage\"},\"thumbnailUrl\":\"https:\\\/\\\/www.adosa.es\\\/blog\\\/wp-content\\\/uploads\\\/2016\\\/06\\\/porticos-control-galibo.jpg\",\"datePublished\":\"2016-06-28T13:10:38+00:00\",\"dateModified\":\"2023-10-17T08:02:23+00:00\",\"description\":\"Fabricantes e instaladores de p\u00f3rticos limitadores de altura m\u00e1xima de g\u00e1libo para parkings, centros comerciales, recintos privados,...\",\"breadcrumb\":{\"@id\":\"https:\\\/\\\/www.adosa.es\\\/blog\\\/porticos-de-control-de-galibo\\\/#breadcrumb\"},\"inLanguage\":\"es\",\"potentialAction\":[{\"@type\":\"ReadAction\",\"target\":[\"https:\\\/\\\/www.adosa.es\\\/blog\\\/porticos-de-control-de-galibo\\\/\"]}]},{\"@type\":\"ImageObject\",\"inLanguage\":\"es\",\"@id\":\"https:\\\/\\\/www.adosa.es\\\/blog\\\/porticos-de-control-de-galibo\\\/#primaryimage\",\"url\":\"https:\\\/\\\/www.adosa.es\\\/blog\\\/wp-content\\\/uploads\\\/2016\\\/06\\\/porticos-control-galibo.jpg\",\"contentUrl\":\"https:\\\/\\\/www.adosa.es\\\/blog\\\/wp-content\\\/uploads\\\/2016\\\/06\\\/porticos-control-galibo.jpg\",\"width\":659,\"height\":213},{\"@type\":\"BreadcrumbList\",\"@id\":\"https:\\\/\\\/www.adosa.es\\\/blog\\\/porticos-de-control-de-galibo\\\/#breadcrumb\",\"itemListElement\":[{\"@type\":\"ListItem\",\"position\":1,\"name\":\"Portada\",\"item\":\"https:\\\/\\\/www.adosa.es\\\/blog\\\/\"},{\"@type\":\"ListItem\",\"position\":2,\"name\":\"P\u00f3rticos control de g\u00e1libo\"}]},{\"@type\":\"WebSite\",\"@id\":\"https:\\\/\\\/www.adosa.es\\\/blog\\\/#website\",\"url\":\"https:\\\/\\\/www.adosa.es\\\/blog\\\/\",\"name\":\"ADO Blog\",\"description\":\"\",\"publisher\":{\"@id\":\"https:\\\/\\\/www.adosa.es\\\/blog\\\/#organization\"},\"alternateName\":\"Ado blog corporativo\",\"potentialAction\":[{\"@type\":\"SearchAction\",\"target\":{\"@type\":\"EntryPoint\",\"urlTemplate\":\"https:\\\/\\\/www.adosa.es\\\/blog\\\/?s={search_term_string}\"},\"query-input\":{\"@type\":\"PropertyValueSpecification\",\"valueRequired\":true,\"valueName\":\"search_term_string\"}}],\"inLanguage\":\"es\"},{\"@type\":\"Organization\",\"@id\":\"https:\\\/\\\/www.adosa.es\\\/blog\\\/#organization\",\"name\":\"ADO Blog\",\"url\":\"https:\\\/\\\/www.adosa.es\\\/blog\\\/\",\"logo\":{\"@type\":\"ImageObject\",\"inLanguage\":\"es\",\"@id\":\"https:\\\/\\\/www.adosa.es\\\/blog\\\/#\\\/schema\\\/logo\\\/image\\\/\",\"url\":\"https:\\\/\\\/www.adosa.es\\\/blog\\\/wp-content\\\/uploads\\\/2023\\\/10\\\/ado.png\",\"contentUrl\":\"https:\\\/\\\/www.adosa.es\\\/blog\\\/wp-content\\\/uploads\\\/2023\\\/10\\\/ado.png\",\"width\":193,\"height\":101,\"caption\":\"ADO Blog\"},\"image\":{\"@id\":\"https:\\\/\\\/www.adosa.es\\\/blog\\\/#\\\/schema\\\/logo\\\/image\\\/\"},\"sameAs\":[\"https:\\\/\\\/www.facebook.com\\\/adobcn1\\\/\",\"https:\\\/\\\/x.com\\\/Adobcn\",\"https:\\\/\\\/www.instagram.com\\\/ado_cerramientos_metalicos\\\/\",\"https:\\\/\\\/www.flickr.com\\\/photos\\\/adocerramientosmetalicos\",\"https:\\\/\\\/www.pinterest.es\\\/adocerramientos\\\/\",\"https:\\\/\\\/www.linkedin.com\\\/company\\\/2141531\\\/admin\\\/feed\\\/posts\\\/\",\"https:\\\/\\\/www.youtube.com\\\/user\\\/adosa2010\"]},{\"@type\":\"Person\",\"@id\":\"https:\\\/\\\/www.adosa.es\\\/blog\\\/#\\\/schema\\\/person\\\/81eafc1325fbcc103884a7dfefe3802d\",\"name\":\"adosa\",\"image\":{\"@type\":\"ImageObject\",\"inLanguage\":\"es\",\"@id\":\"https:\\\/\\\/secure.gravatar.com\\\/avatar\\\/d6d888f49f452edf67f2cba46f345d128154016f2e15749dd5b837e034803083?s=96&d=mm&r=g\",\"url\":\"https:\\\/\\\/secure.gravatar.com\\\/avatar\\\/d6d888f49f452edf67f2cba46f345d128154016f2e15749dd5b837e034803083?s=96&d=mm&r=g\",\"contentUrl\":\"https:\\\/\\\/secure.gravatar.com\\\/avatar\\\/d6d888f49f452edf67f2cba46f345d128154016f2e15749dd5b837e034803083?s=96&d=mm&r=g\",\"caption\":\"adosa\"},\"sameAs\":[\"https:\\\/\\\/www.adosa.es\\\/blog\"],\"url\":\"https:\\\/\\\/www.adosa.es\\\/blog\\\/author\\\/adosa\\\/\"}]}<\/script>\n<!-- \/ Yoast SEO plugin. -->","yoast_head_json":{"title":"P\u00f3rticos control de g\u00e1libo - ADO Blog","description":"Fabricantes e instaladores de p\u00f3rticos limitadores de altura m\u00e1xima de g\u00e1libo para parkings, centros comerciales, recintos privados,...","robots":{"index":"index","follow":"follow","max-snippet":"max-snippet:-1","max-image-preview":"max-image-preview:large","max-video-preview":"max-video-preview:-1"},"canonical":"https:\/\/www.adosa.es\/blog\/porticos-de-control-de-galibo\/","og_locale":"es_ES","og_type":"article","og_title":"P\u00f3rticos control de g\u00e1libo - ADO Blog","og_description":"Fabricantes e instaladores de p\u00f3rticos limitadores de altura m\u00e1xima de g\u00e1libo para parkings, centros comerciales, recintos privados,...","og_url":"https:\/\/www.adosa.es\/blog\/porticos-de-control-de-galibo\/","og_site_name":"ADO Blog","article_publisher":"https:\/\/www.facebook.com\/adobcn1\/","article_published_time":"2016-06-28T13:10:38+00:00","article_modified_time":"2023-10-17T08:02:23+00:00","og_image":[{"url":"https:\/\/www.adosa.es\/blog\/wp-content\/uploads\/2016\/06\/porticos-control-galibo.jpg","type":"","width":"","height":""}],"author":"adosa","twitter_card":"summary_large_image","twitter_creator":"@Adobcn","twitter_site":"@Adobcn","twitter_misc":{"Escrito por":"adosa","Tiempo de lectura":"1 minuto"},"schema":{"@context":"https:\/\/schema.org","@graph":[{"@type":"Article","@id":"https:\/\/www.adosa.es\/blog\/porticos-de-control-de-galibo\/#article","isPartOf":{"@id":"https:\/\/www.adosa.es\/blog\/porticos-de-control-de-galibo\/"},"author":{"name":"adosa","@id":"https:\/\/www.adosa.es\/blog\/#\/schema\/person\/81eafc1325fbcc103884a7dfefe3802d"},"headline":"P\u00f3rticos control de g\u00e1libo","datePublished":"2016-06-28T13:10:38+00:00","dateModified":"2023-10-17T08:02:23+00:00","mainEntityOfPage":{"@id":"https:\/\/www.adosa.es\/blog\/porticos-de-control-de-galibo\/"},"wordCount":31,"publisher":{"@id":"https:\/\/www.adosa.es\/blog\/#organization"},"image":{"@id":"https:\/\/www.adosa.es\/blog\/porticos-de-control-de-galibo\/#primaryimage"},"thumbnailUrl":"https:\/\/www.adosa.es\/blog\/wp-content\/uploads\/2016\/06\/porticos-control-galibo.jpg","articleSection":["Instalaciones","Cerrajer\u00eda"],"inLanguage":"es"},{"@type":"WebPage","@id":"https:\/\/www.adosa.es\/blog\/porticos-de-control-de-galibo\/","url":"https:\/\/www.adosa.es\/blog\/porticos-de-control-de-galibo\/","name":"P\u00f3rticos control de g\u00e1libo - ADO Blog","isPartOf":{"@id":"https:\/\/www.adosa.es\/blog\/#website"},"primaryImageOfPage":{"@id":"https:\/\/www.adosa.es\/blog\/porticos-de-control-de-galibo\/#primaryimage"},"image":{"@id":"https:\/\/www.adosa.es\/blog\/porticos-de-control-de-galibo\/#primaryimage"},"thumbnailUrl":"https:\/\/www.adosa.es\/blog\/wp-content\/uploads\/2016\/06\/porticos-control-galibo.jpg","datePublished":"2016-06-28T13:10:38+00:00","dateModified":"2023-10-17T08:02:23+00:00","description":"Fabricantes e instaladores de p\u00f3rticos limitadores de altura m\u00e1xima de g\u00e1libo para parkings, centros comerciales, recintos privados,...","breadcrumb":{"@id":"https:\/\/www.adosa.es\/blog\/porticos-de-control-de-galibo\/#breadcrumb"},"inLanguage":"es","potentialAction":[{"@type":"ReadAction","target":["https:\/\/www.adosa.es\/blog\/porticos-de-control-de-galibo\/"]}]},{"@type":"ImageObject","inLanguage":"es","@id":"https:\/\/www.adosa.es\/blog\/porticos-de-control-de-galibo\/#primaryimage","url":"https:\/\/www.adosa.es\/blog\/wp-content\/uploads\/2016\/06\/porticos-control-galibo.jpg","contentUrl":"https:\/\/www.adosa.es\/blog\/wp-content\/uploads\/2016\/06\/porticos-control-galibo.jpg","width":659,"height":213},{"@type":"BreadcrumbList","@id":"https:\/\/www.adosa.es\/blog\/porticos-de-control-de-galibo\/#breadcrumb","itemListElement":[{"@type":"ListItem","position":1,"name":"Portada","item":"https:\/\/www.adosa.es\/blog\/"},{"@type":"ListItem","position":2,"name":"P\u00f3rticos control de g\u00e1libo"}]},{"@type":"WebSite","@id":"https:\/\/www.adosa.es\/blog\/#website","url":"https:\/\/www.adosa.es\/blog\/","name":"ADO Blog","description":"","publisher":{"@id":"https:\/\/www.adosa.es\/blog\/#organization"},"alternateName":"Ado blog corporativo","potentialAction":[{"@type":"SearchAction","target":{"@type":"EntryPoint","urlTemplate":"https:\/\/www.adosa.es\/blog\/?s={search_term_string}"},"query-input":{"@type":"PropertyValueSpecification","valueRequired":true,"valueName":"search_term_string"}}],"inLanguage":"es"},{"@type":"Organization","@id":"https:\/\/www.adosa.es\/blog\/#organization","name":"ADO Blog","url":"https:\/\/www.adosa.es\/blog\/","logo":{"@type":"ImageObject","inLanguage":"es","@id":"https:\/\/www.adosa.es\/blog\/#\/schema\/logo\/image\/","url":"https:\/\/www.adosa.es\/blog\/wp-content\/uploads\/2023\/10\/ado.png","contentUrl":"https:\/\/www.adosa.es\/blog\/wp-content\/uploads\/2023\/10\/ado.png","width":193,"height":101,"caption":"ADO Blog"},"image":{"@id":"https:\/\/www.adosa.es\/blog\/#\/schema\/logo\/image\/"},"sameAs":["https:\/\/www.facebook.com\/adobcn1\/","https:\/\/x.com\/Adobcn","https:\/\/www.instagram.com\/ado_cerramientos_metalicos\/","https:\/\/www.flickr.com\/photos\/adocerramientosmetalicos","https:\/\/www.pinterest.es\/adocerramientos\/","https:\/\/www.linkedin.com\/company\/2141531\/admin\/feed\/posts\/","https:\/\/www.youtube.com\/user\/adosa2010"]},{"@type":"Person","@id":"https:\/\/www.adosa.es\/blog\/#\/schema\/person\/81eafc1325fbcc103884a7dfefe3802d","name":"adosa","image":{"@type":"ImageObject","inLanguage":"es","@id":"https:\/\/secure.gravatar.com\/avatar\/d6d888f49f452edf67f2cba46f345d128154016f2e15749dd5b837e034803083?s=96&d=mm&r=g","url":"https:\/\/secure.gravatar.com\/avatar\/d6d888f49f452edf67f2cba46f345d128154016f2e15749dd5b837e034803083?s=96&d=mm&r=g","contentUrl":"https:\/\/secure.gravatar.com\/avatar\/d6d888f49f452edf67f2cba46f345d128154016f2e15749dd5b837e034803083?s=96&d=mm&r=g","caption":"adosa"},"sameAs":["https:\/\/www.adosa.es\/blog"],"url":"https:\/\/www.adosa.es\/blog\/author\/adosa\/"}]}},"_links":{"self":[{"href":"https:\/\/www.adosa.es\/blog\/wp-json\/wp\/v2\/posts\/2104","targetHints":{"allow":["GET"]}}],"collection":[{"href":"https:\/\/www.adosa.es\/blog\/wp-json\/wp\/v2\/posts"}],"about":[{"href":"https:\/\/www.adosa.es\/blog\/wp-json\/wp\/v2\/types\/post"}],"author":[{"embeddable":true,"href":"https:\/\/www.adosa.es\/blog\/wp-json\/wp\/v2\/users\/1"}],"replies":[{"embeddable":true,"href":"https:\/\/www.adosa.es\/blog\/wp-json\/wp\/v2\/comments?post=2104"}],"version-history":[{"count":1,"href":"https:\/\/www.adosa.es\/blog\/wp-json\/wp\/v2\/posts\/2104\/revisions"}],"predecessor-version":[{"id":5826,"href":"https:\/\/www.adosa.es\/blog\/wp-json\/wp\/v2\/posts\/2104\/revisions\/5826"}],"wp:attachment":[{"href":"https:\/\/www.adosa.es\/blog\/wp-json\/wp\/v2\/media?parent=2104"}],"wp:term":[{"taxonomy":"category","embeddable":true,"href":"https:\/\/www.adosa.es\/blog\/wp-json\/wp\/v2\/categories?post=2104"},{"taxonomy":"post_tag","embeddable":true,"href":"https:\/\/www.adosa.es\/blog\/wp-json\/wp\/v2\/tags?post=2104"}],"curies":[{"name":"wp","href":"https:\/\/api.w.org\/{rel}","templated":true}]}}