{"id":267,"count":2,"description":"En la b\u00fasqueda de soluciones para mejorar la seguridad vial en entornos urbanos e interurbanos, los <a href=\"https:\/\/www.adosa.es\/reductores-velocidad.html\"><strong>reductores de velocidad<\/strong> <\/a>juegan un papel fundamental. Nuestra amplia gama de modelos se adapta a diversas ubicaciones, como ayuntamientos, centros comerciales, colegios, plazas, calles y parques, garantizando la reducci\u00f3n de la velocidad de los veh\u00edculos y, en consecuencia, un mayor nivel de seguridad.\r\n\r\nOfrecemos una selecci\u00f3n de reductores de velocidad dise\u00f1ados para abordar situaciones espec\u00edficas. Entre nuestras opciones se encuentran las bandas reductoras de velocidad y terminales de caucho con alturas de 30 mm, 50 mm y 70 mm. Estos elementos son ideales para controlar la velocidad del tr\u00e1fico en v\u00edas urbanas, en funci\u00f3n de la velocidad de circulaci\u00f3n de los veh\u00edculos.\r\n\r\nAdem\u00e1s, ponemos a tu disposici\u00f3n reductores de velocidad port\u00e1tiles de polipropileno, como el coj\u00edn Berlines de caucho de 70 mm de altura, que son perfectos para inducir a los veh\u00edculos a reducir la velocidad, especialmente en \u00e1reas donde es crucial mantener un l\u00edmite de velocidad m\u00e1s bajo.\r\n\r\nNuestro radar pedag\u00f3gico de tr\u00e1fico plegable proporciona informaci\u00f3n valiosa a los conductores, alent\u00e1ndolos a disminuir su velocidad en carreteras interurbanas.\r\n\r\nNo solo somos proveedores de reductores de velocidad, sino que tambi\u00e9n contamos con un equipo t\u00e9cnico especializado para asesorarte en la elecci\u00f3n de los reductores que mejor se adapten a tus necesidades. Somos fabricantes de reductores de velocidad de caucho y expertos en la instalaci\u00f3n de una variedad de modelos. No dudes en consultar con nuestros t\u00e9cnicos comerciales, quienes te brindar\u00e1n orientaci\u00f3n personalizada para garantizar la seguridad en tus v\u00edas.","link":"https:\/\/www.adosa.es\/blog\/categoria\/mobiliario-urbano\/bandas-reductoras-velocidad\/","name":"Bandas reductoras","slug":"bandas-reductoras-velocidad","taxonomy":"category","parent":3,"meta":[],"yoast_head":"<!-- This site is optimized with the Yoast SEO plugin v27.5 - https:\/\/yoast.com\/product\/yoast-seo-wordpress\/ -->\n<title>Bandas reductoras - ADO Blog<\/title>\n<meta name=\"description\" content=\"Amplia selecci\u00f3n de bandas reductoras de velocidad para v\u00edas urbanas e interurbanas, con fabricaci\u00f3n , montaje y asesoramiento personalizado.\" \/>\n<meta name=\"robots\" content=\"index, follow, max-snippet:-1, max-image-preview:large, max-video-preview:-1\" \/>\n<link rel=\"canonical\" href=\"https:\/\/www.adosa.es\/blog\/categoria\/mobiliario-urbano\/bandas-reductoras-velocidad\/\" \/>\n<meta property=\"og:locale\" content=\"es_ES\" \/>\n<meta property=\"og:type\" content=\"article\" \/>\n<meta property=\"og:title\" content=\"Bandas reductoras - ADO Blog\" \/>\n<meta property=\"og:description\" content=\"Amplia selecci\u00f3n de bandas reductoras de velocidad para v\u00edas urbanas e interurbanas, con fabricaci\u00f3n , montaje y asesoramiento personalizado.\" \/>\n<meta property=\"og:url\" content=\"https:\/\/www.adosa.es\/blog\/categoria\/mobiliario-urbano\/bandas-reductoras-velocidad\/\" \/>\n<meta property=\"og:site_name\" content=\"ADO Blog\" \/>\n<meta name=\"twitter:card\" content=\"summary_large_image\" \/>\n<meta name=\"twitter:site\" content=\"@Adobcn\" \/>\n<script type=\"application\/ld+json\" class=\"yoast-schema-graph\">{\"@context\":\"https:\\\/\\\/schema.org\",\"@graph\":[{\"@type\":\"CollectionPage\",\"@id\":\"https:\\\/\\\/www.adosa.es\\\/blog\\\/categoria\\\/mobiliario-urbano\\\/bandas-reductoras-velocidad\\\/\",\"url\":\"https:\\\/\\\/www.adosa.es\\\/blog\\\/categoria\\\/mobiliario-urbano\\\/bandas-reductoras-velocidad\\\/\",\"name\":\"Bandas reductoras - ADO Blog\",\"isPartOf\":{\"@id\":\"https:\\\/\\\/www.adosa.es\\\/blog\\\/#website\"},\"description\":\"Amplia selecci\u00f3n de bandas reductoras de velocidad para v\u00edas urbanas e interurbanas, con fabricaci\u00f3n , montaje y asesoramiento personalizado.\",\"breadcrumb\":{\"@id\":\"https:\\\/\\\/www.adosa.es\\\/blog\\\/categoria\\\/mobiliario-urbano\\\/bandas-reductoras-velocidad\\\/#breadcrumb\"},\"inLanguage\":\"es\"},{\"@type\":\"BreadcrumbList\",\"@id\":\"https:\\\/\\\/www.adosa.es\\\/blog\\\/categoria\\\/mobiliario-urbano\\\/bandas-reductoras-velocidad\\\/#breadcrumb\",\"itemListElement\":[{\"@type\":\"ListItem\",\"position\":1,\"name\":\"Portada\",\"item\":\"https:\\\/\\\/www.adosa.es\\\/blog\\\/\"},{\"@type\":\"ListItem\",\"position\":2,\"name\":\"Mobiliario Urbano\",\"item\":\"https:\\\/\\\/www.adosa.es\\\/blog\\\/categoria\\\/mobiliario-urbano\\\/\"},{\"@type\":\"ListItem\",\"position\":3,\"name\":\"Bandas reductoras\"}]},{\"@type\":\"WebSite\",\"@id\":\"https:\\\/\\\/www.adosa.es\\\/blog\\\/#website\",\"url\":\"https:\\\/\\\/www.adosa.es\\\/blog\\\/\",\"name\":\"ADO Blog\",\"description\":\"\",\"publisher\":{\"@id\":\"https:\\\/\\\/www.adosa.es\\\/blog\\\/#organization\"},\"alternateName\":\"Ado blog corporativo\",\"potentialAction\":[{\"@type\":\"SearchAction\",\"target\":{\"@type\":\"EntryPoint\",\"urlTemplate\":\"https:\\\/\\\/www.adosa.es\\\/blog\\\/?s={search_term_string}\"},\"query-input\":{\"@type\":\"PropertyValueSpecification\",\"valueRequired\":true,\"valueName\":\"search_term_string\"}}],\"inLanguage\":\"es\"},{\"@type\":\"Organization\",\"@id\":\"https:\\\/\\\/www.adosa.es\\\/blog\\\/#organization\",\"name\":\"ADO Blog\",\"url\":\"https:\\\/\\\/www.adosa.es\\\/blog\\\/\",\"logo\":{\"@type\":\"ImageObject\",\"inLanguage\":\"es\",\"@id\":\"https:\\\/\\\/www.adosa.es\\\/blog\\\/#\\\/schema\\\/logo\\\/image\\\/\",\"url\":\"https:\\\/\\\/www.adosa.es\\\/blog\\\/wp-content\\\/uploads\\\/2023\\\/10\\\/ado.png\",\"contentUrl\":\"https:\\\/\\\/www.adosa.es\\\/blog\\\/wp-content\\\/uploads\\\/2023\\\/10\\\/ado.png\",\"width\":193,\"height\":101,\"caption\":\"ADO Blog\"},\"image\":{\"@id\":\"https:\\\/\\\/www.adosa.es\\\/blog\\\/#\\\/schema\\\/logo\\\/image\\\/\"},\"sameAs\":[\"https:\\\/\\\/www.facebook.com\\\/adobcn1\\\/\",\"https:\\\/\\\/x.com\\\/Adobcn\",\"https:\\\/\\\/www.instagram.com\\\/ado_cerramientos_metalicos\\\/\",\"https:\\\/\\\/www.flickr.com\\\/photos\\\/adocerramientosmetalicos\",\"https:\\\/\\\/www.pinterest.es\\\/adocerramientos\\\/\",\"https:\\\/\\\/www.linkedin.com\\\/company\\\/2141531\\\/admin\\\/feed\\\/posts\\\/\",\"https:\\\/\\\/www.youtube.com\\\/user\\\/adosa2010\"]}]}<\/script>\n<!-- \/ Yoast SEO plugin. -->","yoast_head_json":{"title":"Bandas reductoras - ADO Blog","description":"Amplia selecci\u00f3n de bandas reductoras de velocidad para v\u00edas urbanas e interurbanas, con fabricaci\u00f3n , montaje y asesoramiento personalizado.","robots":{"index":"index","follow":"follow","max-snippet":"max-snippet:-1","max-image-preview":"max-image-preview:large","max-video-preview":"max-video-preview:-1"},"canonical":"https:\/\/www.adosa.es\/blog\/categoria\/mobiliario-urbano\/bandas-reductoras-velocidad\/","og_locale":"es_ES","og_type":"article","og_title":"Bandas reductoras - ADO Blog","og_description":"Amplia selecci\u00f3n de bandas reductoras de velocidad para v\u00edas urbanas e interurbanas, con fabricaci\u00f3n , montaje y asesoramiento personalizado.","og_url":"https:\/\/www.adosa.es\/blog\/categoria\/mobiliario-urbano\/bandas-reductoras-velocidad\/","og_site_name":"ADO Blog","twitter_card":"summary_large_image","twitter_site":"@Adobcn","schema":{"@context":"https:\/\/schema.org","@graph":[{"@type":"CollectionPage","@id":"https:\/\/www.adosa.es\/blog\/categoria\/mobiliario-urbano\/bandas-reductoras-velocidad\/","url":"https:\/\/www.adosa.es\/blog\/categoria\/mobiliario-urbano\/bandas-reductoras-velocidad\/","name":"Bandas reductoras - ADO Blog","isPartOf":{"@id":"https:\/\/www.adosa.es\/blog\/#website"},"description":"Amplia selecci\u00f3n de bandas reductoras de velocidad para v\u00edas urbanas e interurbanas, con fabricaci\u00f3n , montaje y asesoramiento personalizado.","breadcrumb":{"@id":"https:\/\/www.adosa.es\/blog\/categoria\/mobiliario-urbano\/bandas-reductoras-velocidad\/#breadcrumb"},"inLanguage":"es"},{"@type":"BreadcrumbList","@id":"https:\/\/www.adosa.es\/blog\/categoria\/mobiliario-urbano\/bandas-reductoras-velocidad\/#breadcrumb","itemListElement":[{"@type":"ListItem","position":1,"name":"Portada","item":"https:\/\/www.adosa.es\/blog\/"},{"@type":"ListItem","position":2,"name":"Mobiliario Urbano","item":"https:\/\/www.adosa.es\/blog\/categoria\/mobiliario-urbano\/"},{"@type":"ListItem","position":3,"name":"Bandas reductoras"}]},{"@type":"WebSite","@id":"https:\/\/www.adosa.es\/blog\/#website","url":"https:\/\/www.adosa.es\/blog\/","name":"ADO Blog","description":"","publisher":{"@id":"https:\/\/www.adosa.es\/blog\/#organization"},"alternateName":"Ado blog corporativo","potentialAction":[{"@type":"SearchAction","target":{"@type":"EntryPoint","urlTemplate":"https:\/\/www.adosa.es\/blog\/?s={search_term_string}"},"query-input":{"@type":"PropertyValueSpecification","valueRequired":true,"valueName":"search_term_string"}}],"inLanguage":"es"},{"@type":"Organization","@id":"https:\/\/www.adosa.es\/blog\/#organization","name":"ADO Blog","url":"https:\/\/www.adosa.es\/blog\/","logo":{"@type":"ImageObject","inLanguage":"es","@id":"https:\/\/www.adosa.es\/blog\/#\/schema\/logo\/image\/","url":"https:\/\/www.adosa.es\/blog\/wp-content\/uploads\/2023\/10\/ado.png","contentUrl":"https:\/\/www.adosa.es\/blog\/wp-content\/uploads\/2023\/10\/ado.png","width":193,"height":101,"caption":"ADO Blog"},"image":{"@id":"https:\/\/www.adosa.es\/blog\/#\/schema\/logo\/image\/"},"sameAs":["https:\/\/www.facebook.com\/adobcn1\/","https:\/\/x.com\/Adobcn","https:\/\/www.instagram.com\/ado_cerramientos_metalicos\/","https:\/\/www.flickr.com\/photos\/adocerramientosmetalicos","https:\/\/www.pinterest.es\/adocerramientos\/","https:\/\/www.linkedin.com\/company\/2141531\/admin\/feed\/posts\/","https:\/\/www.youtube.com\/user\/adosa2010"]}]}},"_links":{"self":[{"href":"https:\/\/www.adosa.es\/blog\/wp-json\/wp\/v2\/categories\/267","targetHints":{"allow":["GET"]}}],"collection":[{"href":"https:\/\/www.adosa.es\/blog\/wp-json\/wp\/v2\/categories"}],"about":[{"href":"https:\/\/www.adosa.es\/blog\/wp-json\/wp\/v2\/taxonomies\/category"}],"up":[{"embeddable":true,"href":"https:\/\/www.adosa.es\/blog\/wp-json\/wp\/v2\/categories\/3"}],"wp:post_type":[{"href":"https:\/\/www.adosa.es\/blog\/wp-json\/wp\/v2\/posts?categories=267"}],"curies":[{"name":"wp","href":"https:\/\/api.w.org\/{rel}","templated":true}]}}